{"id":944,"date":"2016-02-25T09:14:02","date_gmt":"2016-02-25T09:14:02","guid":{"rendered":"http:\/\/schaffrath-haus.com\/wp\/?p=944"},"modified":"2016-02-25T09:15:06","modified_gmt":"2016-02-25T09:15:06","slug":"thomas-becker-alte-boese-lieder","status":"publish","type":"post","link":"https:\/\/schaffrath-haus.com\/?p=944","title":{"rendered":"Thomas Becker &#8222;Alte B\u00f6se Lieder&#8220;"},"content":{"rendered":"<p><a href=\"https:\/\/schaffrath-haus.com\/wp-content\/uploads\/2016\/02\/Plakat-Becker.gif\"><img loading=\"lazy\" decoding=\"async\" class=\"aligncenter size-medium wp-image-945\" alt=\"Plakat-Becker\" src=\"https:\/\/schaffrath-haus.com\/wp-content\/uploads\/2016\/02\/Plakat-Becker-212x300.gif\" width=\"212\" height=\"300\" srcset=\"https:\/\/schaffrath-haus.com\/wp-content\/uploads\/2016\/02\/Plakat-Becker-212x300.gif 212w, https:\/\/schaffrath-haus.com\/wp-content\/uploads\/2016\/02\/Plakat-Becker-724x1024.gif 724w\" sizes=\"(max-width: 212px) 100vw, 212px\" \/><\/a>Ein Richter im Ruhestand tr\u00e4gt \u00bbb\u00f6se\u00ab Lieder von Georg Kreisler vor, dabei begleitet er sich selbst mit E-Piano und Akkordeon, und das in den R\u00e4umen des Schaffrathhauses! Wieder eine ganz besondere Veranstaltung, zu der der F\u00f6rderverein Schaffrathhaus am 08. April einl\u00e4dt.\u00a0 Der F\u00f6rderverein freut sich sehr, dass Thomas Becker sich zu einem Auftritt im Museum bereit erkl\u00e4rt hat und mit dieser Benefizveranstaltung die Anliegen des Vereins unterstu\u0308tzt. Mit ihm konnte erneut ein Ku\u0308nstler gewonnen werden, der anspruchsvolle \u00bbKultur um Atelier\u00ab &#8211; das Leitmotiv des F\u00f6rdervereins &#8211; in diesem ganz besonderen Ambiente quasi \u00bbhautnah\u00ab darbieten wird.<\/p>\n<p>Bei seinem Auftritt am 8. April wird Thomas Becker den Besuchern in einem vielseitigen Programm den Menschen und den Ku\u0308nstler Georg Kreisler vorstellen, biographisches sowie Beispiele des vielseitigen Schaffens nicht nur in musikalischer, auch in literarischer Hinsicht. Dabei wird er sich selbst mit Akkordeon und E-Piano (das den R\u00e4umlichkeiten geschuldet ist &#8211; in der Regel spielt Thomas Becker Klavier) begleiten.<\/p>\n<p>Wie gewohnt, legt sich der F\u00f6rderverein auch bei dieser Veranstaltung kulinarisch ins Zeug und bietet kleine delikate H\u00e4ppchen an&#8230;<\/p>\n<p>\u00bbIch bin makaber, schauerlich doch andererseits ganz nett\u00ab so beschrieb sich Georg Kreisler selbst in einem seiner Lieder. In den 60er Jahre tourte der Ku\u0308nstler durch den deutschsprachigen Raum und stie\u00df zun\u00e4chst vor allem bei der rebellierenden 68er Generation auf gro\u00dfe Resonanz. \u00bbTauben vergiften im Park\u00ab aus seinem \u00bbFru\u0308hlingslied\u00ab ist eines der \u00e4ltesten seiner Chansons und wohl der Klassiker Kreislers. Absurde Situationen, makaber geschildert, mit Witz und Komik, dabei begleitete er sich virtuos selbst am Klavier. Das Publikum liebte seinen schwarzen Humor, sch\u00e4tzte ihn aber vor allem wegen seiner kabarettistischen Stu\u0308cke. Dabei war Kreisler ein vielseitiger Ku\u0308nstler, ein Meister der Sprache und der Musik. Begabter Musiker, der er war, studierte er in Wien Musik. Aufgrund seiner ju\u0308dischen Herkunft emigrierte er, gerade mal 16 Jahre alt, nach dem \u00bbAnschluss\u00ab \u00d6sterreichs an Nazideutschland mit seinen Eltern in die USA und konnte sein Studium nicht zu Ende fu\u0308hren. Nach seiner Ru\u0308ckkehr aus den USA nach Wien realisierte er bitter, dass die ehemaligen Nazis weiterhin angesehene Bu\u0308rger der Gesellschaft waren, w\u00e4hrend man ihn w\u00e4hrend seines Exils ausgebu\u0308rgert hatte. \u00bbWie sch\u00f6n w\u00e4re Wien ohne Wiener\u00ab, \u00bbDer Tod, das muss ein Wiener sein\u00ab &#8211; Lieder wie diese dru\u0308cken seine Ambivalenz, seine Hassliebe zur seiner ehemaligen Heimat aus, die sie ihm nie wieder geworden ist.<\/p>\n<p>Thomas Becker besch\u00e4ftigt sich seit Anfang der 70er Jahre mit Georg Kreisler und seinem Werk. Zuvor war der Ku\u0308nstler in Deutschland nur wenigen bekannt, die 68er Generation zeigte sich offener den schwarzhumorigen Chansons gegenu\u0308ber. Seine Sammlung begann Thomas Becker direkt mit der ersten LP \u00bbEverblacks\u00ab, viele weitere folgten inzwischen. Sofort gefielen ihm die makabren, skurilen, zynischen, dabei aber auch lustigen Texte, die in sp\u00e4teren Schaffensjahren politischer, sch\u00e4rfer, wurden, ohne ihre Skurrilit\u00e4t einzubu\u0308\u00dfen. 2001 konnte er Kreisler pers\u00f6nlich erleben, bei einem Auftritt im Aachener Einhard-Gymnasium. Er tritt noch nicht lange in der \u00d6ffentlichkeit auf &#8211; seine Familie und Freunde, Bekannte hatten ihn angesichts seiner Vorfu\u0308hrungen im privaten Kreis begeistert dazu ermuntert, und \u00bbvor zwei Jahren fand ich endlich den Mut\u00ab.<\/p>\n<p>Bei seinem ersten \u00f6ffentlichen Auftritt wurden 40-50 Besucher G\u00e4ste erwartet, es kamen knapp 120 Interessierte. Seit drei Jahren befindet er sich im Ruhestand, der ehemalige Richter am Aachener Verwaltungsgericht. Mit Georg Kreisler besch\u00e4ftigt er sich bereits seit Jahrzehnten intensiv. Die Pensionierung bietet ihm jetzt mehr Zeit, sich seinen ku\u0308nstlerischen Hobbies widmen: Bereits 2007 begab er sich als Schauspieler auf die Bu\u0308hne, zun\u00e4chst am Stadttheater, inzwischen arbeitet er mit beim Chaos-Theater im Aachener Ostviertel. Mit seiner Band \u00bbClocharles\u00ab hat er Auftritte, demn\u00e4chst im April im \u00bbBurtscheider Kapellchen\u00ab mit \u00bbKabarettet die Liebe\u00ab.<\/p>\n<p>Also lassen Sich diese Gelegenheit nicht entgehen, Thomas Becker mit Georg Kreisler an diesem Abend zu erleben, quasi hautnah \u2013 Sie werden es nicht bereuen!<\/p>\n","protected":false},"excerpt":{"rendered":"<p>Ein Richter im Ruhestand tr\u00e4gt \u00bbb\u00f6se\u00ab Lieder von Georg Kreisler vor, dabei begleitet er sich selbst mit E-Piano und Akkordeon, und das in den R\u00e4umen des Schaffrathhauses! Wieder eine ganz besondere Veranstaltung, zu der der F\u00f6rderverein Schaffrathhaus am 08. April einl\u00e4dt.\u00a0 Der F\u00f6rderverein freut sich sehr, dass Thomas Becker sich zu einem Auftritt im Museum &hellip; <a href=\"https:\/\/schaffrath-haus.com\/?p=944\" class=\"more-link\"><span class=\"screen-reader-text\">Thomas Becker &#8222;Alte B\u00f6se Lieder&#8220;<\/span> weiterlesen <span class=\"meta-nav\">&rarr;<\/span><\/a><\/p>\n","protected":false},"author":1,"featured_media":0,"comment_status":"open","ping_status":"open","sticky":false,"template":"","format":"standard","meta":{"footnotes":""},"categories":[1],"tags":[],"class_list":["post-944","post","type-post","status-publish","format-standard","hentry","category-uncategorized"],"_links":{"self":[{"href":"https:\/\/schaffrath-haus.com\/index.php?rest_route=\/wp\/v2\/posts\/944"}],"collection":[{"href":"https:\/\/schaffrath-haus.com\/index.php?rest_route=\/wp\/v2\/posts"}],"about":[{"href":"https:\/\/schaffrath-haus.com\/index.php?rest_route=\/wp\/v2\/types\/post"}],"author":[{"embeddable":true,"href":"https:\/\/schaffrath-haus.com\/index.php?rest_route=\/wp\/v2\/users\/1"}],"replies":[{"embeddable":true,"href":"https:\/\/schaffrath-haus.com\/index.php?rest_route=%2Fwp%2Fv2%2Fcomments&post=944"}],"version-history":[{"count":2,"href":"https:\/\/schaffrath-haus.com\/index.php?rest_route=\/wp\/v2\/posts\/944\/revisions"}],"predecessor-version":[{"id":948,"href":"https:\/\/schaffrath-haus.com\/index.php?rest_route=\/wp\/v2\/posts\/944\/revisions\/948"}],"wp:attachment":[{"href":"https:\/\/schaffrath-haus.com\/index.php?rest_route=%2Fwp%2Fv2%2Fmedia&parent=944"}],"wp:term":[{"taxonomy":"category","embeddable":true,"href":"https:\/\/schaffrath-haus.com\/index.php?rest_route=%2Fwp%2Fv2%2Fcategories&post=944"},{"taxonomy":"post_tag","embeddable":true,"href":"https:\/\/schaffrath-haus.com\/index.php?rest_route=%2Fwp%2Fv2%2Ftags&post=944"}],"curies":[{"name":"wp","href":"https:\/\/api.w.org\/{rel}","templated":true}]}}