{"id":5280,"date":"2026-09-04T08:12:51","date_gmt":"2026-09-04T08:12:51","guid":{"rendered":"https:\/\/schaffrath-haus.com\/?p=5280"},"modified":"2026-09-04T08:21:43","modified_gmt":"2026-09-04T08:21:43","slug":"termine","status":"publish","type":"post","link":"https:\/\/schaffrath-haus.com\/?p=5280","title":{"rendered":"Termine"},"content":{"rendered":"\n<p><strong>20.09. bis 04.10.2026<\/strong> &nbsp;&nbsp;&nbsp;&nbsp;&nbsp; <strong>Ausstellung<\/strong>&nbsp;J\u00fcrgen Rudig Gezeichnet<\/p>\n\n\n\n<p><strong>02.10.2026<\/strong>&nbsp;&nbsp;&nbsp;&nbsp;&nbsp;&nbsp;&nbsp;&nbsp;&nbsp;&nbsp;&nbsp;&nbsp;&nbsp;&nbsp;&nbsp;&nbsp;&nbsp;&nbsp;&nbsp;&nbsp;&nbsp;&nbsp; <strong>Whisky-Tasting<\/strong> Reisebericht Schottland<\/p>\n\n\n\n<p><strong>10.10.2026<\/strong> &nbsp;&nbsp;&nbsp;&nbsp;&nbsp;&nbsp;&nbsp;&nbsp;&nbsp;&nbsp;&nbsp;&nbsp;&nbsp;&nbsp;&nbsp;&nbsp;&nbsp;&nbsp;&nbsp;&nbsp;&nbsp; <strong>Konzert<\/strong> Franca Meyer<\/p>\n\n\n\n<p><strong>10.11.2026<\/strong> &nbsp;&nbsp;&nbsp;&nbsp;&nbsp;&nbsp;&nbsp;&nbsp;&nbsp;&nbsp;&nbsp;&nbsp;&nbsp;&nbsp;&nbsp;&nbsp;&nbsp;&nbsp;&nbsp;&nbsp;&nbsp;&nbsp; <strong>Vortrag<\/strong> Glasmalerei im Wandel der Zeiten<\/p>\n\n\n\n<p><\/p>\n\n\n\n<p>Ausstellung&nbsp;&nbsp;<strong>J\u00fcrgen Rudig&nbsp; Gezeichnet<\/strong><\/p>\n\n\n\n<p>Sonntag 20.09.26<\/p>\n\n\n\n<p>VERNISSAGE<\/p>\n\n\n\n<p>11.30 -14.30 UHR<\/p>\n\n\n\n<p>Ge\u00f6ffnet am:<\/p>\n\n\n\n<p>26.09. 16-18 Uhr<\/p>\n\n\n\n<p>27.09. 14-18 Uhr<\/p>\n\n\n\n<p>03.10. 16-18 Uhr<\/p>\n\n\n\n<p>04.10. 14-18 Uhr<\/p>\n\n\n\n<p>J\u00fcrgen Rudig zeichnet seit vielen Jahren klassisch mit Bleistift und Tusche. Er arbeitete freiberuflich und nebenberuflich und ist bis heute als Zeichner t\u00e4tig. Unter anderem f\u00fcr die international bekannte Science-Fiction Serie \u201ePerry Rhodan\u201c, deren Auflage in die Millionen geht, fertigt er seit vielen Jahren Illustrationen an. In Berlin, M\u00fcnchen, Mannheim, N\u00fcrnberg und auch Aachen nahm er in den letzten Jahren an Ausstellungen und Veranstaltungen teil.<\/p>\n\n\n\n<p>Die Illustrationen geben augenzwinkernd den Blick frei in utopische Technologien und laden ein, zum Teil winzige und witzige Details und Anspielungen zu entdecken.<\/p>\n\n\n\n<figure class=\"wp-block-image\"><a href=\"https:\/\/schaffrath-haus.com\/wp-content\/uploads\/2026\/08\/image-2.jpeg\"><img loading=\"lazy\" decoding=\"async\" width=\"598\" height=\"500\" src=\"https:\/\/schaffrath-haus.com\/wp-content\/uploads\/2026\/08\/image-2.jpeg\" alt=\"\" class=\"wp-image-5265\" srcset=\"https:\/\/schaffrath-haus.com\/wp-content\/uploads\/2026\/08\/image-2.jpeg 598w, https:\/\/schaffrath-haus.com\/wp-content\/uploads\/2026\/08\/image-2-300x251.jpeg 300w\" sizes=\"(max-width: 598px) 100vw, 598px\" \/><\/a><\/figure>\n\n\n\n<figure class=\"wp-block-image\"><a href=\"https:\/\/schaffrath-haus.com\/wp-content\/uploads\/2026\/08\/image-3.jpeg\"><img loading=\"lazy\" decoding=\"async\" width=\"578\" height=\"432\" src=\"https:\/\/schaffrath-haus.com\/wp-content\/uploads\/2026\/08\/image-3.jpeg\" alt=\"\" class=\"wp-image-5266\" srcset=\"https:\/\/schaffrath-haus.com\/wp-content\/uploads\/2026\/08\/image-3.jpeg 578w, https:\/\/schaffrath-haus.com\/wp-content\/uploads\/2026\/08\/image-3-300x224.jpeg 300w\" sizes=\"(max-width: 578px) 100vw, 578px\" \/><\/a><\/figure>\n\n\n\n<p><a href=\"https:\/\/schaffrath-haus.com\/wp-content\/uploads\/2026\/02\/image-44.jpeg\"><\/a><a href=\"https:\/\/schaffrath-haus.com\/wp-content\/uploads\/2026\/02\/image-37.jpeg\"><\/a><\/p>\n\n\n\n<p><strong>Whisky-Tasting<\/strong>&nbsp;mit Benny und Alex \u201eReisebericht Schottland\u201c<\/p>\n\n\n\n<p>Freitag 02.10.26<\/p>\n\n\n\n<p>Einlass ab 18 Uhr, Beginn 18.30 Uhr<\/p>\n\n\n\n<p>Tickets: 85,00 \u20ac nur im Vorverkauf unter info@schaffrath-haus.com<\/p>\n\n\n\n<p>inkl. Tasting, Wasser &amp; leckeren Speisen vom Buffet<\/p>\n\n\n\n<p>\u201eWe will be back!\u201c \u2013 das haben sich Alex und Benny nach ihrer letzten Schottlandreise bei einem Abschiedsschluck auf der Insel geschworen. Und Versprechen soll man bekanntlich halten. Diesmal f\u00fchrt die beiden ihre Reise vom Festland weg auf die vielen schottischen Inseln, wo sie erneut auf die Suche nach exklusiven Flaschen gehen werden, um sie bei der ein oder anderen launigen und informativen Geschichte mit uns zu probieren. Ein Gaumen-Fest nicht nur f\u00fcr die Freunde rauchiger Whiskys \u2013 der Spezialit\u00e4t von Inseln wie Islay. Wir freuen uns nach dem gro\u00dfen Zuspruch im letzten Jahr auf Teil 2 eines fl\u00fcssigen Reiseberichts.<\/p>\n\n\n\n<p><strong>Konzert&nbsp;Franca Meyer<\/strong><\/p>\n\n\n\n<p>Samstag 10.10.26<\/p>\n\n\n\n<p>19:00 Uhr<\/p>\n\n\n\n<p>Tickets: 25,00 \u20ac im Vorverkauf unter info@schaffrath-haus.com, 30,00 \u20ac Abendkasse<\/p>\n\n\n\n<p>inkl. Begr\u00fc\u00dfungsgetr\u00e4nk und lecker H\u00e4ppchen vom Buffet<\/p>\n\n\n\n<p>Franca Meyer ist eine junge S\u00e4ngerin und Songwriterin aus Alsdorf. Schon von klein auf singt sie leidenschaftlich und stand mit nur zehn Jahren zum ersten Mal als Solo-S\u00e4ngerin auf der B\u00fchne. Ihre Auftritte sind sehr vielseitig, von ABBA-Klassikern \u00fcber Musical-Songs bis hin zu ruhigeren Titeln, wie die von Silbermond. Seit einigen Jahren schreibt Franca au\u00dferdem eigene Lieder, von denen sie bereits mehrere ver\u00f6ffentlicht hat. Ihre Songs handeln davon, was sie wirklich bewegt: echte Momente, gro\u00dfe Gef\u00fchle und all die Geschichten, die das Leben so schreibt, dabei auch die, die ein bisschen wehtun. Franca l\u00e4dt dazu ein, Musik gemeinsam zu genie\u00dfen und dabei die vielen Facetten ihrer Musik zu entdecken.<\/p>\n\n\n\n<figure class=\"wp-block-image\"><a href=\"https:\/\/schaffrath-haus.com\/wp-content\/uploads\/2026\/02\/image-43.jpeg\"><img loading=\"lazy\" decoding=\"async\" width=\"503\" height=\"759\" src=\"https:\/\/schaffrath-haus.com\/wp-content\/uploads\/2026\/02\/image-43.jpeg\" alt=\"\" class=\"wp-image-5186\" srcset=\"https:\/\/schaffrath-haus.com\/wp-content\/uploads\/2026\/02\/image-43.jpeg 503w, https:\/\/schaffrath-haus.com\/wp-content\/uploads\/2026\/02\/image-43-199x300.jpeg 199w\" sizes=\"(max-width: 503px) 100vw, 503px\" \/><\/a><\/figure>\n\n\n\n<p><a href=\"https:\/\/schaffrath-haus.com\/wp-content\/uploads\/2026\/02\/image-44.jpeg\"><\/a><a href=\"https:\/\/schaffrath-haus.com\/wp-content\/uploads\/2026\/02\/image-37.jpeg\"><\/a><\/p>\n\n\n\n<p>Di.&nbsp;10.11.2026 18:30 &#8211; 20:00 Uhr<\/p>\n\n\n\n<p>Vortrag: Glasmalerei im Wandel der Zeiten. Regionale Spuren vom 13. Jahrhundert bis in die Wiederaufbauzeit in Kooperation mit der VHS und dem Geschichtsverein Alsdorf<\/p>\n\n\n\n<p><br>Dr. Holger A. Dux<\/p>\n\n\n\n<p>Di.\u00a010.11.2026 18:30 &#8211; 20:00 Uhr<\/p>\n\n\n\n<p>Farbige Glasfenster sind zwar kostbar, aber auch viel zerbrechlicher als steinerne Bauten oder Goldschmiedearbeiten. In der Gotik wurden die W\u00e4nde f\u00fcr die gro\u00dfen Fenster durchbrochen. Nur ganz wenige farbige Scheiben aus dieser Zeit sind erhalten geblieben, sodass man sich die Pracht kaum vorstellen kann. Bis heute befassen sich Kunsthandwerker mit der Anfertigung transparenter Mosaike und durchleuchteter Glasgem\u00e4lde. Werkst\u00e4tten wie die von Heinrich Oidtmann sowie Maler wie Jan Thorn-Prikker, Anton Wendling, Maria Katzgrau und Ludwig Schaffrath haben ein faszinierendes Werk hinterlassen, das die Entwicklungslinien vom Historismus \u00fcber den Expressionismus bis hin zur Wiederaufbauphase und Abstraktion der 1960er Jahre nachverfolgen l\u00e4sst.<\/p>\n","protected":false},"excerpt":{"rendered":"<p>20.09. bis 04.10.2026 &nbsp;&nbsp;&nbsp;&nbsp;&nbsp; Ausstellung&nbsp;J\u00fcrgen Rudig Gezeichnet 02.10.2026&nbsp;&nbsp;&nbsp;&nbsp;&nbsp;&nbsp;&nbsp;&nbsp;&nbsp;&nbsp;&nbsp;&nbsp;&nbsp;&nbsp;&nbsp;&nbsp;&nbsp;&nbsp;&nbsp;&nbsp;&nbsp;&nbsp; Whisky-Tasting Reisebericht Schottland 10.10.2026 &nbsp;&nbsp;&nbsp;&nbsp;&nbsp;&nbsp;&nbsp;&nbsp;&nbsp;&nbsp;&nbsp;&nbsp;&nbsp;&nbsp;&nbsp;&nbsp;&nbsp;&nbsp;&nbsp;&nbsp;&nbsp; Konzert Franca Meyer 10.11.2026 &nbsp;&nbsp;&nbsp;&nbsp;&nbsp;&nbsp;&nbsp;&nbsp;&nbsp;&nbsp;&nbsp;&nbsp;&nbsp;&nbsp;&nbsp;&nbsp;&nbsp;&nbsp;&nbsp;&nbsp;&nbsp;&nbsp; Vortrag Glasmalerei im Wandel der Zeiten Ausstellung&nbsp;&nbsp;J\u00fcrgen Rudig&nbsp; Gezeichnet Sonntag 20.09.26 VERNISSAGE 11.30 -14.30 UHR Ge\u00f6ffnet am: 26.09. 16-18 Uhr 27.09. 14-18 Uhr 03.10. 16-18 Uhr 04.10. 14-18 Uhr J\u00fcrgen Rudig zeichnet seit vielen Jahren klassisch mit &hellip; <a href=\"https:\/\/schaffrath-haus.com\/?p=5280\" class=\"more-link\"><span class=\"screen-reader-text\">Termine<\/span> weiterlesen <span class=\"meta-nav\">&rarr;<\/span><\/a><\/p>\n","protected":false},"author":1,"featured_media":0,"comment_status":"closed","ping_status":"","sticky":false,"template":"","format":"standard","meta":{"footnotes":""},"categories":[1],"tags":[],"class_list":["post-5280","post","type-post","status-publish","format-standard","hentry","category-uncategorized"],"_links":{"self":[{"href":"https:\/\/schaffrath-haus.com\/index.php?rest_route=\/wp\/v2\/posts\/5280"}],"collection":[{"href":"https:\/\/schaffrath-haus.com\/index.php?rest_route=\/wp\/v2\/posts"}],"about":[{"href":"https:\/\/schaffrath-haus.com\/index.php?rest_route=\/wp\/v2\/types\/post"}],"author":[{"embeddable":true,"href":"https:\/\/schaffrath-haus.com\/index.php?rest_route=\/wp\/v2\/users\/1"}],"replies":[{"embeddable":true,"href":"https:\/\/schaffrath-haus.com\/index.php?rest_route=%2Fwp%2Fv2%2Fcomments&post=5280"}],"version-history":[{"count":5,"href":"https:\/\/schaffrath-haus.com\/index.php?rest_route=\/wp\/v2\/posts\/5280\/revisions"}],"predecessor-version":[{"id":5286,"href":"https:\/\/schaffrath-haus.com\/index.php?rest_route=\/wp\/v2\/posts\/5280\/revisions\/5286"}],"wp:attachment":[{"href":"https:\/\/schaffrath-haus.com\/index.php?rest_route=%2Fwp%2Fv2%2Fmedia&parent=5280"}],"wp:term":[{"taxonomy":"category","embeddable":true,"href":"https:\/\/schaffrath-haus.com\/index.php?rest_route=%2Fwp%2Fv2%2Fcategories&post=5280"},{"taxonomy":"post_tag","embeddable":true,"href":"https:\/\/schaffrath-haus.com\/index.php?rest_route=%2Fwp%2Fv2%2Ftags&post=5280"}],"curies":[{"name":"wp","href":"https:\/\/api.w.org\/{rel}","templated":true}]}}