{"id":5056,"date":"2025-09-10T09:05:06","date_gmt":"2025-09-10T09:05:06","guid":{"rendered":"https:\/\/schaffrath-haus.com\/?p=5056"},"modified":"2026-02-12T10:16:23","modified_gmt":"2026-02-12T10:16:23","slug":"ausverkauft","status":"publish","type":"post","link":"https:\/\/schaffrath-haus.com\/?p=5056","title":{"rendered":"ACHT TAGE FREI, KONZERT AM 25.10.2025"},"content":{"rendered":"\n<p><\/p>\n\n\n\n<figure class=\"wp-block-image\"><img decoding=\"async\" src=\"https:\/\/mail.google.com\/mail\/u\/0?ui=2&amp;ik=68bda4b717&amp;attid=0.1.1&amp;permmsgid=msg-f:1850228754711911178&amp;th=19ad553fddd11b0a&amp;view=fimg&amp;fur=ip&amp;permmsgid=msg-f:1850228754711911178&amp;sz=s0-l75-ft&amp;attbid=ANGjdJ-Khq5AEkzh9_XU2jMGKsuV6n_MQetHin8GxfeZq2wIs0uCHyRd-X6r7-yFt7lbq-oilwch3H1sI-PfkmUwQ4oMuEsKWDQ3wVhHvBHp5RBHygid2p8ysW1XX2c&amp;disp=emb&amp;zw\" alt=\"IMG_5387.jpeg\"\/><\/figure>\n\n\n\n<figure class=\"wp-block-image\"><img decoding=\"async\" src=\"https:\/\/mail.google.com\/mail\/u\/0?ui=2&amp;ik=68bda4b717&amp;attid=0.1.2&amp;permmsgid=msg-f:1850228754711911178&amp;th=19ad553fddd11b0a&amp;view=fimg&amp;fur=ip&amp;permmsgid=msg-f:1850228754711911178&amp;sz=s0-l75-ft&amp;attbid=ANGjdJ_8Q4VyOvSRhXbc38F-oYaMel5IYVywNPfxRhk1-o010uCs_cZvVar6oJQxWCAvS8ryMSpum_EOGcEDCHL5_Bq6hCWsVq6KdM8RIoHmgL2zItQcpCUK8v8jA6E&amp;disp=emb&amp;zw\" alt=\"IMG_9099.jpeg\"\/><\/figure>\n\n\n\n<p>Ein stimmungsvoller Abend liegt hinter uns. Acht Tage Frei haben am 25.10.25 mit ihrem warmen Akustik Sound und einer wunderbar intimen Atmosph\u00e4re alle Anwesenden sofort abgeholt. Das Konzert war bereits sechs Wochen vorher ausverkauft, und die Vorfreude hat sich voll und ganz gelohnt. Ehrliche und eing\u00e4ngige Texte, ruhige Momente zum Genie\u00dfen und ein Saal voller gespannter Zuh\u00f6rer*innen machten diesen Abend zu etwas Besonderem. In der Pause war zur St\u00e4rkung wieder ein f\u00fcr uns typisches Buffet aufgebaut. Vielen Dank an alle, die dabei waren. Wir freuen uns schon auf die n\u00e4chsten musikalischen Highlights.<\/p>\n","protected":false},"excerpt":{"rendered":"<p>Ein stimmungsvoller Abend liegt hinter uns. Acht Tage Frei haben am 25.10.25 mit ihrem warmen Akustik Sound und einer wunderbar intimen Atmosph\u00e4re alle Anwesenden sofort abgeholt. Das Konzert war bereits sechs Wochen vorher ausverkauft, und die Vorfreude hat sich voll und ganz gelohnt. Ehrliche und eing\u00e4ngige Texte, ruhige Momente zum Genie\u00dfen und ein Saal voller &hellip; <a href=\"https:\/\/schaffrath-haus.com\/?p=5056\" class=\"more-link\"><span class=\"screen-reader-text\">ACHT TAGE FREI, KONZERT AM 25.10.2025<\/span> weiterlesen <span class=\"meta-nav\">&rarr;<\/span><\/a><\/p>\n","protected":false},"author":1,"featured_media":5055,"comment_status":"closed","ping_status":"","sticky":false,"template":"","format":"standard","meta":{"footnotes":""},"categories":[1],"tags":[],"class_list":["post-5056","post","type-post","status-publish","format-standard","has-post-thumbnail","hentry","category-uncategorized"],"_links":{"self":[{"href":"https:\/\/schaffrath-haus.com\/index.php?rest_route=\/wp\/v2\/posts\/5056"}],"collection":[{"href":"https:\/\/schaffrath-haus.com\/index.php?rest_route=\/wp\/v2\/posts"}],"about":[{"href":"https:\/\/schaffrath-haus.com\/index.php?rest_route=\/wp\/v2\/types\/post"}],"author":[{"embeddable":true,"href":"https:\/\/schaffrath-haus.com\/index.php?rest_route=\/wp\/v2\/users\/1"}],"replies":[{"embeddable":true,"href":"https:\/\/schaffrath-haus.com\/index.php?rest_route=%2Fwp%2Fv2%2Fcomments&post=5056"}],"version-history":[{"count":5,"href":"https:\/\/schaffrath-haus.com\/index.php?rest_route=\/wp\/v2\/posts\/5056\/revisions"}],"predecessor-version":[{"id":5135,"href":"https:\/\/schaffrath-haus.com\/index.php?rest_route=\/wp\/v2\/posts\/5056\/revisions\/5135"}],"wp:featuredmedia":[{"embeddable":true,"href":"https:\/\/schaffrath-haus.com\/index.php?rest_route=\/wp\/v2\/media\/5055"}],"wp:attachment":[{"href":"https:\/\/schaffrath-haus.com\/index.php?rest_route=%2Fwp%2Fv2%2Fmedia&parent=5056"}],"wp:term":[{"taxonomy":"category","embeddable":true,"href":"https:\/\/schaffrath-haus.com\/index.php?rest_route=%2Fwp%2Fv2%2Fcategories&post=5056"},{"taxonomy":"post_tag","embeddable":true,"href":"https:\/\/schaffrath-haus.com\/index.php?rest_route=%2Fwp%2Fv2%2Ftags&post=5056"}],"curies":[{"name":"wp","href":"https:\/\/api.w.org\/{rel}","templated":true}]}}