{"id":5048,"date":"2025-07-26T04:54:33","date_gmt":"2025-07-26T04:54:33","guid":{"rendered":"https:\/\/schaffrath-haus.com\/?p=5048"},"modified":"2025-07-26T05:02:11","modified_gmt":"2025-07-26T05:02:11","slug":"wichtiger-hinweis","status":"publish","type":"post","link":"https:\/\/schaffrath-haus.com\/?p=5048","title":{"rendered":"Wichtiger Hinweis:"},"content":{"rendered":"\n<p class=\"has-text-color has-link-color has-large-font-size wp-elements-9c666b048e2b2b27599a427b850d7fc9\" style=\"color:#e40707\">++ <strong>AUSVERKAUFT<\/strong> ++<\/p>\n\n\n\n<p class=\"has-green-color has-text-color has-link-color has-medium-font-size wp-elements-cfe680751c4b43ff7f395100defbae64\"><strong>J\u00fcrgen B. Hausmann mit Harald Cla\u00dfen<\/strong><\/p>\n\n\n\n<p class=\"has-medium-font-size\"><strong>am 14. September 2025 um 15:00 Uhr<\/strong><\/p>\n\n\n\n<p>Der Kabarett-Nachmittag mit J\u00fcrgen B. Hausmann und Harald Cla\u00dfen  ist vollst\u00e4ndig ausverkauft. Es gibt auch keine Tickets mehr an der Tageskasse!<\/p>\n\n\n<div class=\"wp-block-image\">\n<figure class=\"aligncenter size-full\"><a href=\"https:\/\/schaffrath-haus.com\/wp-content\/uploads\/2024\/08\/DSCF0006.jpg\"><img loading=\"lazy\" decoding=\"async\" width=\"1024\" height=\"768\" src=\"https:\/\/schaffrath-haus.com\/wp-content\/uploads\/2024\/08\/DSCF0006.jpg\" alt=\"\" class=\"wp-image-4179\" srcset=\"https:\/\/schaffrath-haus.com\/wp-content\/uploads\/2024\/08\/DSCF0006.jpg 1024w, https:\/\/schaffrath-haus.com\/wp-content\/uploads\/2024\/08\/DSCF0006-300x225.jpg 300w, https:\/\/schaffrath-haus.com\/wp-content\/uploads\/2024\/08\/DSCF0006-768x576.jpg 768w\" sizes=\"(max-width: 1024px) 100vw, 1024px\" \/><\/a><\/figure><\/div>\n\n\n<hr class=\"wp-block-separator has-alpha-channel-opacity is-style-wide\"\/>\n\n\n\n<p class=\"has-medium-font-size\"><strong>Besuchen Sie aber gerne unsere n\u00e4chstes Veranstaltung und bestellen Sie jetzt Ihre Tickets:<\/strong><\/p>\n\n\n\n<p><strong>25. Oktober 2025 um 19:00 Uhr, Konzert der Band &#8222;acht tage frei&#8220; <\/strong><\/p>\n\n\n<div class=\"wp-block-image\">\n<figure class=\"aligncenter size-large\"><a href=\"https:\/\/schaffrath-haus.com\/wp-content\/uploads\/2025\/07\/8-Tage-Frei-Poster-25.10.2025.jpg\"><img loading=\"lazy\" decoding=\"async\" width=\"724\" height=\"1024\" src=\"https:\/\/schaffrath-haus.com\/wp-content\/uploads\/2025\/07\/8-Tage-Frei-Poster-25.10.2025-724x1024.jpg\" alt=\"\" class=\"wp-image-5052\" srcset=\"https:\/\/schaffrath-haus.com\/wp-content\/uploads\/2025\/07\/8-Tage-Frei-Poster-25.10.2025-724x1024.jpg 724w, https:\/\/schaffrath-haus.com\/wp-content\/uploads\/2025\/07\/8-Tage-Frei-Poster-25.10.2025-212x300.jpg 212w, https:\/\/schaffrath-haus.com\/wp-content\/uploads\/2025\/07\/8-Tage-Frei-Poster-25.10.2025-768x1086.jpg 768w, https:\/\/schaffrath-haus.com\/wp-content\/uploads\/2025\/07\/8-Tage-Frei-Poster-25.10.2025-1086x1536.jpg 1086w, https:\/\/schaffrath-haus.com\/wp-content\/uploads\/2025\/07\/8-Tage-Frei-Poster-25.10.2025.jpg 1240w\" sizes=\"(max-width: 724px) 100vw, 724px\" \/><\/a><\/figure><\/div>","protected":false},"excerpt":{"rendered":"<p>++ AUSVERKAUFT ++ J\u00fcrgen B. Hausmann mit Harald Cla\u00dfen am 14. September 2025 um 15:00 Uhr Der Kabarett-Nachmittag mit J\u00fcrgen B. Hausmann und Harald Cla\u00dfen ist vollst\u00e4ndig ausverkauft. Es gibt auch keine Tickets mehr an der Tageskasse! Besuchen Sie aber gerne unsere n\u00e4chstes Veranstaltung und bestellen Sie jetzt Ihre Tickets: 25. Oktober 2025 um 19:00 &hellip; <a href=\"https:\/\/schaffrath-haus.com\/?p=5048\" class=\"more-link\"><span class=\"screen-reader-text\">Wichtiger Hinweis:<\/span> weiterlesen <span class=\"meta-nav\">&rarr;<\/span><\/a><\/p>\n","protected":false},"author":1,"featured_media":0,"comment_status":"closed","ping_status":"","sticky":false,"template":"","format":"standard","meta":{"footnotes":""},"categories":[1],"tags":[],"class_list":["post-5048","post","type-post","status-publish","format-standard","hentry","category-uncategorized"],"_links":{"self":[{"href":"https:\/\/schaffrath-haus.com\/index.php?rest_route=\/wp\/v2\/posts\/5048"}],"collection":[{"href":"https:\/\/schaffrath-haus.com\/index.php?rest_route=\/wp\/v2\/posts"}],"about":[{"href":"https:\/\/schaffrath-haus.com\/index.php?rest_route=\/wp\/v2\/types\/post"}],"author":[{"embeddable":true,"href":"https:\/\/schaffrath-haus.com\/index.php?rest_route=\/wp\/v2\/users\/1"}],"replies":[{"embeddable":true,"href":"https:\/\/schaffrath-haus.com\/index.php?rest_route=%2Fwp%2Fv2%2Fcomments&post=5048"}],"version-history":[{"count":3,"href":"https:\/\/schaffrath-haus.com\/index.php?rest_route=\/wp\/v2\/posts\/5048\/revisions"}],"predecessor-version":[{"id":5053,"href":"https:\/\/schaffrath-haus.com\/index.php?rest_route=\/wp\/v2\/posts\/5048\/revisions\/5053"}],"wp:attachment":[{"href":"https:\/\/schaffrath-haus.com\/index.php?rest_route=%2Fwp%2Fv2%2Fmedia&parent=5048"}],"wp:term":[{"taxonomy":"category","embeddable":true,"href":"https:\/\/schaffrath-haus.com\/index.php?rest_route=%2Fwp%2Fv2%2Fcategories&post=5048"},{"taxonomy":"post_tag","embeddable":true,"href":"https:\/\/schaffrath-haus.com\/index.php?rest_route=%2Fwp%2Fv2%2Ftags&post=5048"}],"curies":[{"name":"wp","href":"https:\/\/api.w.org\/{rel}","templated":true}]}}