{"id":5030,"date":"2025-07-13T08:32:15","date_gmt":"2025-07-13T08:32:15","guid":{"rendered":"https:\/\/schaffrath-haus.com\/?p=5030"},"modified":"2025-07-13T08:32:15","modified_gmt":"2025-07-13T08:32:15","slug":"fotos-franz-brandt-quartett-konzert-am-12-07-2025","status":"publish","type":"post","link":"https:\/\/schaffrath-haus.com\/?p=5030","title":{"rendered":"Fotos: Franz Brandt Quartett, Konzert am 12.07.2025"},"content":{"rendered":"\n<p>Hier ein paar Fotos vom gestrigen Jazz-Konzert des Franz Brandt Quartetts bei uns im vollen Haus. Es war Mega!!!<\/p>\n\n\n\n<p>In der Pause haben wir zur St\u00e4rkung aller wieder ein f\u00fcr uns typisches gro\u00dfes B\u00fcffet aufgebaut (im Foto seht ihr nur die H\u00e4lfte davon).<\/p>\n\n\n\n<p>Ein riesiges Danke an alle die da waren und nat\u00fcrlich an die gro\u00dfartige Band <img loading=\"lazy\" decoding=\"async\" height=\"16\" width=\"16\" src=\"https:\/\/static.xx.fbcdn.net\/images\/emoji.php\/v9\/t6c\/1\/16\/2764.png\" alt=\"\u2764\"> <\/p>\n\n\n\n<figure class=\"wp-block-gallery has-nested-images columns-default is-cropped wp-block-gallery-1 is-layout-flex wp-block-gallery-is-layout-flex\">\n<figure class=\"wp-block-image size-large\"><a href=\"https:\/\/schaffrath-haus.com\/wp-content\/uploads\/2025\/07\/12.07.2025-Franz-Brandt-Konzert-1.jpg\"><img loading=\"lazy\" decoding=\"async\" width=\"1024\" height=\"576\" data-id=\"5031\" src=\"https:\/\/schaffrath-haus.com\/wp-content\/uploads\/2025\/07\/12.07.2025-Franz-Brandt-Konzert-1.jpg\" alt=\"\" class=\"wp-image-5031\" srcset=\"https:\/\/schaffrath-haus.com\/wp-content\/uploads\/2025\/07\/12.07.2025-Franz-Brandt-Konzert-1.jpg 1024w, https:\/\/schaffrath-haus.com\/wp-content\/uploads\/2025\/07\/12.07.2025-Franz-Brandt-Konzert-1-300x169.jpg 300w, https:\/\/schaffrath-haus.com\/wp-content\/uploads\/2025\/07\/12.07.2025-Franz-Brandt-Konzert-1-768x432.jpg 768w\" sizes=\"(max-width: 1024px) 100vw, 1024px\" \/><\/a><\/figure>\n\n\n\n<figure class=\"wp-block-image size-large\"><a href=\"https:\/\/schaffrath-haus.com\/wp-content\/uploads\/2025\/07\/12.07.2025-Franz-Brandt-Konzert-7.jpg\"><img loading=\"lazy\" decoding=\"async\" width=\"1024\" height=\"614\" data-id=\"5033\" src=\"https:\/\/schaffrath-haus.com\/wp-content\/uploads\/2025\/07\/12.07.2025-Franz-Brandt-Konzert-7.jpg\" alt=\"\" class=\"wp-image-5033\" srcset=\"https:\/\/schaffrath-haus.com\/wp-content\/uploads\/2025\/07\/12.07.2025-Franz-Brandt-Konzert-7.jpg 1024w, https:\/\/schaffrath-haus.com\/wp-content\/uploads\/2025\/07\/12.07.2025-Franz-Brandt-Konzert-7-300x180.jpg 300w, https:\/\/schaffrath-haus.com\/wp-content\/uploads\/2025\/07\/12.07.2025-Franz-Brandt-Konzert-7-768x461.jpg 768w\" sizes=\"(max-width: 1024px) 100vw, 1024px\" \/><\/a><\/figure>\n\n\n\n<figure class=\"wp-block-image size-large\"><a href=\"https:\/\/schaffrath-haus.com\/wp-content\/uploads\/2025\/07\/12.07.2025-Franz-Brandt-Konzert-11.jpg\"><img loading=\"lazy\" decoding=\"async\" width=\"1024\" height=\"576\" data-id=\"5032\" src=\"https:\/\/schaffrath-haus.com\/wp-content\/uploads\/2025\/07\/12.07.2025-Franz-Brandt-Konzert-11.jpg\" alt=\"\" class=\"wp-image-5032\" srcset=\"https:\/\/schaffrath-haus.com\/wp-content\/uploads\/2025\/07\/12.07.2025-Franz-Brandt-Konzert-11.jpg 1024w, https:\/\/schaffrath-haus.com\/wp-content\/uploads\/2025\/07\/12.07.2025-Franz-Brandt-Konzert-11-300x169.jpg 300w, https:\/\/schaffrath-haus.com\/wp-content\/uploads\/2025\/07\/12.07.2025-Franz-Brandt-Konzert-11-768x432.jpg 768w\" sizes=\"(max-width: 1024px) 100vw, 1024px\" \/><\/a><\/figure>\n\n\n\n<figure class=\"wp-block-image size-large\"><a href=\"https:\/\/schaffrath-haus.com\/wp-content\/uploads\/2025\/07\/12.07.2025-Franz-Brandt-Konzert-14.jpg\"><img loading=\"lazy\" decoding=\"async\" width=\"1024\" height=\"576\" data-id=\"5035\" src=\"https:\/\/schaffrath-haus.com\/wp-content\/uploads\/2025\/07\/12.07.2025-Franz-Brandt-Konzert-14.jpg\" alt=\"\" class=\"wp-image-5035\" srcset=\"https:\/\/schaffrath-haus.com\/wp-content\/uploads\/2025\/07\/12.07.2025-Franz-Brandt-Konzert-14.jpg 1024w, https:\/\/schaffrath-haus.com\/wp-content\/uploads\/2025\/07\/12.07.2025-Franz-Brandt-Konzert-14-300x169.jpg 300w, https:\/\/schaffrath-haus.com\/wp-content\/uploads\/2025\/07\/12.07.2025-Franz-Brandt-Konzert-14-768x432.jpg 768w\" sizes=\"(max-width: 1024px) 100vw, 1024px\" \/><\/a><\/figure>\n\n\n<div class=\"wp-block-image\">\n<figure class=\"aligncenter size-large\"><a href=\"https:\/\/schaffrath-haus.com\/wp-content\/uploads\/2025\/07\/12.07.2025-Franz-Brandt-Konzert-16-rotated.jpg\"><img loading=\"lazy\" decoding=\"async\" width=\"1024\" height=\"576\" data-id=\"5034\" src=\"https:\/\/schaffrath-haus.com\/wp-content\/uploads\/2025\/07\/12.07.2025-Franz-Brandt-Konzert-16-rotated.jpg\" alt=\"\" class=\"wp-image-5034\" srcset=\"https:\/\/schaffrath-haus.com\/wp-content\/uploads\/2025\/07\/12.07.2025-Franz-Brandt-Konzert-16-rotated.jpg 1024w, https:\/\/schaffrath-haus.com\/wp-content\/uploads\/2025\/07\/12.07.2025-Franz-Brandt-Konzert-16-300x169.jpg 300w, https:\/\/schaffrath-haus.com\/wp-content\/uploads\/2025\/07\/12.07.2025-Franz-Brandt-Konzert-16-768x432.jpg 768w\" sizes=\"(max-width: 1024px) 100vw, 1024px\" \/><\/a><\/figure><\/div>\n\n\n<figure class=\"wp-block-image size-large\"><a href=\"https:\/\/schaffrath-haus.com\/wp-content\/uploads\/2025\/07\/12.07.2025-Franz-Brandt-Konzert-21.jpg\"><img loading=\"lazy\" decoding=\"async\" width=\"1024\" height=\"576\" data-id=\"5037\" src=\"https:\/\/schaffrath-haus.com\/wp-content\/uploads\/2025\/07\/12.07.2025-Franz-Brandt-Konzert-21.jpg\" alt=\"\" class=\"wp-image-5037\" srcset=\"https:\/\/schaffrath-haus.com\/wp-content\/uploads\/2025\/07\/12.07.2025-Franz-Brandt-Konzert-21.jpg 1024w, https:\/\/schaffrath-haus.com\/wp-content\/uploads\/2025\/07\/12.07.2025-Franz-Brandt-Konzert-21-300x169.jpg 300w, https:\/\/schaffrath-haus.com\/wp-content\/uploads\/2025\/07\/12.07.2025-Franz-Brandt-Konzert-21-768x432.jpg 768w\" sizes=\"(max-width: 1024px) 100vw, 1024px\" \/><\/a><\/figure>\n\n\n\n<figure class=\"wp-block-image size-large\"><a href=\"https:\/\/schaffrath-haus.com\/wp-content\/uploads\/2025\/07\/12.07.2025-Franz-Brandt-Konzert-25.jpg\"><img loading=\"lazy\" decoding=\"async\" width=\"1024\" height=\"576\" data-id=\"5036\" src=\"https:\/\/schaffrath-haus.com\/wp-content\/uploads\/2025\/07\/12.07.2025-Franz-Brandt-Konzert-25.jpg\" alt=\"\" class=\"wp-image-5036\" srcset=\"https:\/\/schaffrath-haus.com\/wp-content\/uploads\/2025\/07\/12.07.2025-Franz-Brandt-Konzert-25.jpg 1024w, https:\/\/schaffrath-haus.com\/wp-content\/uploads\/2025\/07\/12.07.2025-Franz-Brandt-Konzert-25-300x169.jpg 300w, https:\/\/schaffrath-haus.com\/wp-content\/uploads\/2025\/07\/12.07.2025-Franz-Brandt-Konzert-25-768x432.jpg 768w\" sizes=\"(max-width: 1024px) 100vw, 1024px\" \/><\/a><\/figure>\n<\/figure>\n\n\n\n<p><\/p>\n","protected":false},"excerpt":{"rendered":"<p>Hier ein paar Fotos vom gestrigen Jazz-Konzert des Franz Brandt Quartetts bei uns im vollen Haus. Es war Mega!!! In der Pause haben wir zur St\u00e4rkung aller wieder ein f\u00fcr uns typisches gro\u00dfes B\u00fcffet aufgebaut (im Foto seht ihr nur die H\u00e4lfte davon). Ein riesiges Danke an alle die da waren und nat\u00fcrlich an die &hellip; <a href=\"https:\/\/schaffrath-haus.com\/?p=5030\" class=\"more-link\"><span class=\"screen-reader-text\">Fotos: Franz Brandt Quartett, Konzert am 12.07.2025<\/span> weiterlesen <span class=\"meta-nav\">&rarr;<\/span><\/a><\/p>\n","protected":false},"author":1,"featured_media":0,"comment_status":"closed","ping_status":"","sticky":false,"template":"","format":"standard","meta":{"footnotes":""},"categories":[1],"tags":[43,16],"class_list":["post-5030","post","type-post","status-publish","format-standard","hentry","category-uncategorized","tag-franz-brandt-quartett","tag-konzert"],"_links":{"self":[{"href":"https:\/\/schaffrath-haus.com\/index.php?rest_route=\/wp\/v2\/posts\/5030"}],"collection":[{"href":"https:\/\/schaffrath-haus.com\/index.php?rest_route=\/wp\/v2\/posts"}],"about":[{"href":"https:\/\/schaffrath-haus.com\/index.php?rest_route=\/wp\/v2\/types\/post"}],"author":[{"embeddable":true,"href":"https:\/\/schaffrath-haus.com\/index.php?rest_route=\/wp\/v2\/users\/1"}],"replies":[{"embeddable":true,"href":"https:\/\/schaffrath-haus.com\/index.php?rest_route=%2Fwp%2Fv2%2Fcomments&post=5030"}],"version-history":[{"count":1,"href":"https:\/\/schaffrath-haus.com\/index.php?rest_route=\/wp\/v2\/posts\/5030\/revisions"}],"predecessor-version":[{"id":5038,"href":"https:\/\/schaffrath-haus.com\/index.php?rest_route=\/wp\/v2\/posts\/5030\/revisions\/5038"}],"wp:attachment":[{"href":"https:\/\/schaffrath-haus.com\/index.php?rest_route=%2Fwp%2Fv2%2Fmedia&parent=5030"}],"wp:term":[{"taxonomy":"category","embeddable":true,"href":"https:\/\/schaffrath-haus.com\/index.php?rest_route=%2Fwp%2Fv2%2Fcategories&post=5030"},{"taxonomy":"post_tag","embeddable":true,"href":"https:\/\/schaffrath-haus.com\/index.php?rest_route=%2Fwp%2Fv2%2Ftags&post=5030"}],"curies":[{"name":"wp","href":"https:\/\/api.w.org\/{rel}","templated":true}]}}