{"id":4535,"date":"2024-11-09T09:09:22","date_gmt":"2024-11-09T09:09:22","guid":{"rendered":"https:\/\/schaffrath-haus.com\/wp\/?p=4535"},"modified":"2024-11-11T05:52:27","modified_gmt":"2024-11-11T05:52:27","slug":"november-2024-ausstellung-master-glas-konzert-eddie-pidancet-konzert-michalke-duo","status":"publish","type":"post","link":"https:\/\/schaffrath-haus.com\/?p=4535","title":{"rendered":"November 2024: Konzert Eddie Pidancet &amp; Konzert Stefan Michalke Duo"},"content":{"rendered":"\n<p>Bei uns ist im November noch einiges los! Es stehen noch 2 tolle Konzerte an die ihr nicht verpassen solltet:<\/p>\n\n\n\n<p><\/p>\n\n\n\n<p class=\"has-green-color has-text-color has-link-color has-large-font-size wp-elements-6ef602af89578fe12d4acc87e74ca3cc\"><strong>16.11. 2024 Konzert: Eddie Pidancet<\/strong><\/p>\n\n\n\n<p>Am 16. November 20:00 Uhr. Chanson-Pop-Melange &#8211; Ob still, tief oder rhythmisch-schnell, immer ist es eine Liebeserkl\u00e4rung an die Region L\u00fcttich-Maastricht-Aachen und deren kulturelle und sprachliche Vielfalt, im Zusammenspiel mit den Bandmitgliedern&#8230; Freut euch auf einen beschwinglichen Abend! Es gibt noch Tickets.<\/p>\n\n\n<div class=\"wp-block-image\">\n<figure class=\"aligncenter size-large\"><a href=\"https:\/\/schaffrath-haus.com\/wp-content\/uploads\/2024\/11\/Pidancet-16.11.2024-Flyer-neu.jpg\"><img loading=\"lazy\" decoding=\"async\" width=\"1024\" height=\"376\" src=\"https:\/\/schaffrath-haus.com\/wp-content\/uploads\/2024\/11\/Pidancet-16.11.2024-Flyer-neu-1024x376.jpg\" alt=\"\" class=\"wp-image-4549\" srcset=\"https:\/\/schaffrath-haus.com\/wp-content\/uploads\/2024\/11\/Pidancet-16.11.2024-Flyer-neu-1024x376.jpg 1024w, https:\/\/schaffrath-haus.com\/wp-content\/uploads\/2024\/11\/Pidancet-16.11.2024-Flyer-neu-300x110.jpg 300w, https:\/\/schaffrath-haus.com\/wp-content\/uploads\/2024\/11\/Pidancet-16.11.2024-Flyer-neu-768x282.jpg 768w, https:\/\/schaffrath-haus.com\/wp-content\/uploads\/2024\/11\/Pidancet-16.11.2024-Flyer-neu.jpg 1078w\" sizes=\"(max-width: 1024px) 100vw, 1024px\" \/><\/a><\/figure><\/div>\n\n\n<p class=\"has-green-color has-text-color has-link-color has-large-font-size wp-elements-d849180af62f98f5b367fb45d2e4dbef\"><strong>23.11.2024 Konzert: Stefan Michalke Duo<\/strong><\/p>\n\n\n\n<p><span style=\"font-size:12.0pt;line-height:115%;\nfont-family:&quot;Calibri&quot;,&quot;sans-serif&quot;;mso-ascii-theme-font:minor-latin;mso-fareast-font-family:\n&quot;Times New Roman&quot;;mso-hansi-theme-font:minor-latin;mso-bidi-theme-font:minor-latin;\nmso-ansi-language:DE;mso-fareast-language:DE;mso-bidi-language:AR-SA\">Eva Viola M\u00fcller &amp; Stefan Michalke kreieren mit Ihrem \u201eLyrical Jazz\u201c eine Atmosph\u00e4re, die sowohl Ruhe als auch Intensit\u00e4t erlaubt. Die vertr\u00e4umte Poesie, die facettenreiche Stimme und der Tanz der S\u00e4ngerin Eva Viola laden ein zum Versinken in andere Sph\u00e4ren; der Pianist Stefan Michalke, bekannt f\u00fcr seine malerische Spielweise, schafft es verschiedene Klangfarben zu einer spannenden Gesamtkomposition zu vereinen<\/span>. Es gibt noch Tickets.<\/p>\n\n\n<div class=\"wp-block-image\">\n<figure class=\"aligncenter size-large\"><a href=\"https:\/\/schaffrath-haus.com\/wp-content\/uploads\/2024\/11\/Michalke-Flyer.jpg\"><img loading=\"lazy\" decoding=\"async\" width=\"1024\" height=\"715\" src=\"https:\/\/schaffrath-haus.com\/wp-content\/uploads\/2024\/11\/Michalke-Flyer-1024x715.jpg\" alt=\"\" class=\"wp-image-4539\" srcset=\"https:\/\/schaffrath-haus.com\/wp-content\/uploads\/2024\/11\/Michalke-Flyer-1024x715.jpg 1024w, https:\/\/schaffrath-haus.com\/wp-content\/uploads\/2024\/11\/Michalke-Flyer-300x209.jpg 300w, https:\/\/schaffrath-haus.com\/wp-content\/uploads\/2024\/11\/Michalke-Flyer-768x536.jpg 768w, https:\/\/schaffrath-haus.com\/wp-content\/uploads\/2024\/11\/Michalke-Flyer-1536x1072.jpg 1536w, https:\/\/schaffrath-haus.com\/wp-content\/uploads\/2024\/11\/Michalke-Flyer.jpg 1656w\" sizes=\"(max-width: 1024px) 100vw, 1024px\" \/><\/a><\/figure><\/div>","protected":false},"excerpt":{"rendered":"<p>Bei uns ist im November noch einiges los! Es stehen noch 2 tolle Konzerte an die ihr nicht verpassen solltet: 16.11. 2024 Konzert: Eddie Pidancet Am 16. November 20:00 Uhr. Chanson-Pop-Melange &#8211; Ob still, tief oder rhythmisch-schnell, immer ist es eine Liebeserkl\u00e4rung an die Region L\u00fcttich-Maastricht-Aachen und deren kulturelle und sprachliche Vielfalt, im Zusammenspiel mit &hellip; <a href=\"https:\/\/schaffrath-haus.com\/?p=4535\" class=\"more-link\"><span class=\"screen-reader-text\">November 2024: Konzert Eddie Pidancet &amp; Konzert Stefan Michalke Duo<\/span> weiterlesen <span class=\"meta-nav\">&rarr;<\/span><\/a><\/p>\n","protected":false},"author":1,"featured_media":0,"comment_status":"closed","ping_status":"","sticky":false,"template":"","format":"standard","meta":{"footnotes":""},"categories":[1],"tags":[],"class_list":["post-4535","post","type-post","status-publish","format-standard","hentry","category-uncategorized"],"_links":{"self":[{"href":"https:\/\/schaffrath-haus.com\/index.php?rest_route=\/wp\/v2\/posts\/4535"}],"collection":[{"href":"https:\/\/schaffrath-haus.com\/index.php?rest_route=\/wp\/v2\/posts"}],"about":[{"href":"https:\/\/schaffrath-haus.com\/index.php?rest_route=\/wp\/v2\/types\/post"}],"author":[{"embeddable":true,"href":"https:\/\/schaffrath-haus.com\/index.php?rest_route=\/wp\/v2\/users\/1"}],"replies":[{"embeddable":true,"href":"https:\/\/schaffrath-haus.com\/index.php?rest_route=%2Fwp%2Fv2%2Fcomments&post=4535"}],"version-history":[{"count":3,"href":"https:\/\/schaffrath-haus.com\/index.php?rest_route=\/wp\/v2\/posts\/4535\/revisions"}],"predecessor-version":[{"id":4551,"href":"https:\/\/schaffrath-haus.com\/index.php?rest_route=\/wp\/v2\/posts\/4535\/revisions\/4551"}],"wp:attachment":[{"href":"https:\/\/schaffrath-haus.com\/index.php?rest_route=%2Fwp%2Fv2%2Fmedia&parent=4535"}],"wp:term":[{"taxonomy":"category","embeddable":true,"href":"https:\/\/schaffrath-haus.com\/index.php?rest_route=%2Fwp%2Fv2%2Fcategories&post=4535"},{"taxonomy":"post_tag","embeddable":true,"href":"https:\/\/schaffrath-haus.com\/index.php?rest_route=%2Fwp%2Fv2%2Ftags&post=4535"}],"curies":[{"name":"wp","href":"https:\/\/api.w.org\/{rel}","templated":true}]}}