{"id":4479,"date":"2024-10-26T08:08:34","date_gmt":"2024-10-26T08:08:34","guid":{"rendered":"https:\/\/schaffrath-haus.com\/wp\/?p=4479"},"modified":"2024-10-26T08:09:26","modified_gmt":"2024-10-26T08:09:26","slug":"ausstellung-ab-27-10-2024-im-licht-von-schaffrath-der-niederlaendischen-kuenstlergruppe-master-glass","status":"publish","type":"post","link":"https:\/\/schaffrath-haus.com\/?p=4479","title":{"rendered":"Ausstellung ab 27.10.2024: &#8222;Im Licht von Schaffrath&#8220; der Niederl\u00e4ndischen K\u00fcnstlergruppe Master-Glass"},"content":{"rendered":"\n<p>Wir laden herzlich ein! Morgen,  27. Oktober 2024 um 11:30 Uhr, ist Er\u00f6ffnung dieser au\u00dfergew\u00f6hnlichen, sehr aufw\u00e4ndigen Ausstellung! Kommt mit auf eine Reise durch eindrucksvolle, teils beleuchtete Glasbilder, Glasskulpturen und Installationen in unseren R\u00e4umen im 1. OG und in Schaffraths Atelier im Soutterain.<\/p>\n\n\n\n<figure class=\"wp-block-image size-large\"><a href=\"https:\/\/schaffrath-haus.com\/wp-content\/uploads\/2024\/10\/Einladung-Masster-Glass-2-scaled.jpg\"><img loading=\"lazy\" decoding=\"async\" width=\"1024\" height=\"268\" src=\"https:\/\/schaffrath-haus.com\/wp-content\/uploads\/2024\/10\/Einladung-Masster-Glass-2-1024x268.jpg\" alt=\"\" class=\"wp-image-4393\" srcset=\"https:\/\/schaffrath-haus.com\/wp-content\/uploads\/2024\/10\/Einladung-Masster-Glass-2-1024x268.jpg 1024w, https:\/\/schaffrath-haus.com\/wp-content\/uploads\/2024\/10\/Einladung-Masster-Glass-2-300x79.jpg 300w, https:\/\/schaffrath-haus.com\/wp-content\/uploads\/2024\/10\/Einladung-Masster-Glass-2-768x201.jpg 768w, https:\/\/schaffrath-haus.com\/wp-content\/uploads\/2024\/10\/Einladung-Masster-Glass-2-1536x403.jpg 1536w, https:\/\/schaffrath-haus.com\/wp-content\/uploads\/2024\/10\/Einladung-Masster-Glass-2-2048x537.jpg 2048w\" sizes=\"(max-width: 1024px) 100vw, 1024px\" \/><\/a><\/figure>\n\n\n\n<figure class=\"wp-block-image size-large\"><a href=\"https:\/\/schaffrath-haus.com\/wp-content\/uploads\/2024\/10\/Einladung-Masster-Glass-1-scaled.jpg\"><img loading=\"lazy\" decoding=\"async\" width=\"1024\" height=\"267\" src=\"https:\/\/schaffrath-haus.com\/wp-content\/uploads\/2024\/10\/Einladung-Masster-Glass-1-1024x267.jpg\" alt=\"\" class=\"wp-image-4394\" srcset=\"https:\/\/schaffrath-haus.com\/wp-content\/uploads\/2024\/10\/Einladung-Masster-Glass-1-1024x267.jpg 1024w, https:\/\/schaffrath-haus.com\/wp-content\/uploads\/2024\/10\/Einladung-Masster-Glass-1-300x78.jpg 300w, https:\/\/schaffrath-haus.com\/wp-content\/uploads\/2024\/10\/Einladung-Masster-Glass-1-768x200.jpg 768w, https:\/\/schaffrath-haus.com\/wp-content\/uploads\/2024\/10\/Einladung-Masster-Glass-1-1536x401.jpg 1536w, https:\/\/schaffrath-haus.com\/wp-content\/uploads\/2024\/10\/Einladung-Masster-Glass-1-2048x534.jpg 2048w\" sizes=\"(max-width: 1024px) 100vw, 1024px\" \/><\/a><\/figure>\n\n\n\n<figure class=\"wp-block-image size-full\"><a href=\"https:\/\/schaffrath-haus.com\/wp-content\/uploads\/2024\/10\/26.10.2024-AZ-Master-Glass-Kopie.jpg\"><img loading=\"lazy\" decoding=\"async\" width=\"891\" height=\"768\" src=\"https:\/\/schaffrath-haus.com\/wp-content\/uploads\/2024\/10\/26.10.2024-AZ-Master-Glass-Kopie.jpg\" alt=\"\" class=\"wp-image-4477\" srcset=\"https:\/\/schaffrath-haus.com\/wp-content\/uploads\/2024\/10\/26.10.2024-AZ-Master-Glass-Kopie.jpg 891w, https:\/\/schaffrath-haus.com\/wp-content\/uploads\/2024\/10\/26.10.2024-AZ-Master-Glass-Kopie-300x259.jpg 300w, https:\/\/schaffrath-haus.com\/wp-content\/uploads\/2024\/10\/26.10.2024-AZ-Master-Glass-Kopie-768x662.jpg 768w\" sizes=\"(max-width: 891px) 100vw, 891px\" \/><\/a><\/figure>\n\n\n\n<p>Artikel in der Aachener Zeitung am 26.10.2024<\/p>\n","protected":false},"excerpt":{"rendered":"<p>Wir laden herzlich ein! Morgen, 27. Oktober 2024 um 11:30 Uhr, ist Er\u00f6ffnung dieser au\u00dfergew\u00f6hnlichen, sehr aufw\u00e4ndigen Ausstellung! Kommt mit auf eine Reise durch eindrucksvolle, teils beleuchtete Glasbilder, Glasskulpturen und Installationen in unseren R\u00e4umen im 1. OG und in Schaffraths Atelier im Soutterain. Artikel in der Aachener Zeitung am 26.10.2024<\/p>\n","protected":false},"author":1,"featured_media":0,"comment_status":"closed","ping_status":"","sticky":false,"template":"","format":"standard","meta":{"footnotes":""},"categories":[1],"tags":[],"class_list":["post-4479","post","type-post","status-publish","format-standard","hentry","category-uncategorized"],"_links":{"self":[{"href":"https:\/\/schaffrath-haus.com\/index.php?rest_route=\/wp\/v2\/posts\/4479"}],"collection":[{"href":"https:\/\/schaffrath-haus.com\/index.php?rest_route=\/wp\/v2\/posts"}],"about":[{"href":"https:\/\/schaffrath-haus.com\/index.php?rest_route=\/wp\/v2\/types\/post"}],"author":[{"embeddable":true,"href":"https:\/\/schaffrath-haus.com\/index.php?rest_route=\/wp\/v2\/users\/1"}],"replies":[{"embeddable":true,"href":"https:\/\/schaffrath-haus.com\/index.php?rest_route=%2Fwp%2Fv2%2Fcomments&post=4479"}],"version-history":[{"count":2,"href":"https:\/\/schaffrath-haus.com\/index.php?rest_route=\/wp\/v2\/posts\/4479\/revisions"}],"predecessor-version":[{"id":4481,"href":"https:\/\/schaffrath-haus.com\/index.php?rest_route=\/wp\/v2\/posts\/4479\/revisions\/4481"}],"wp:attachment":[{"href":"https:\/\/schaffrath-haus.com\/index.php?rest_route=%2Fwp%2Fv2%2Fmedia&parent=4479"}],"wp:term":[{"taxonomy":"category","embeddable":true,"href":"https:\/\/schaffrath-haus.com\/index.php?rest_route=%2Fwp%2Fv2%2Fcategories&post=4479"},{"taxonomy":"post_tag","embeddable":true,"href":"https:\/\/schaffrath-haus.com\/index.php?rest_route=%2Fwp%2Fv2%2Ftags&post=4479"}],"curies":[{"name":"wp","href":"https:\/\/api.w.org\/{rel}","templated":true}]}}