{"id":4412,"date":"2024-10-07T11:48:10","date_gmt":"2024-10-07T11:48:10","guid":{"rendered":"https:\/\/schaffrath-haus.com\/wp\/?p=4412"},"modified":"2024-10-12T07:06:55","modified_gmt":"2024-10-12T07:06:55","slug":"naechste-ausstellung-27-10-10-11-2024-niederlaendische-master-glass","status":"publish","type":"post","link":"https:\/\/schaffrath-haus.com\/?p=4412","title":{"rendered":"N\u00e4chste Ausstellung: 27.10. \u2013 10.11.2024 Niederl\u00e4ndische Master-Glass"},"content":{"rendered":"\n<p class=\"has-text-color has-large-font-size\" style=\"color:#088457\"><strong>Niederl\u00e4ndische K\u00fcnstlergruppe Master-Glass <\/strong><\/p>\n\n\n\n<p class=\"has-medium-font-size\"><strong>\u201eIm Licht von Schaffrath\u201c \u2013 Hommage an einen besonderen Mann<\/strong><\/p>\n\n\n\n<p class=\"has-medium-font-size\"><strong>27. Oktober \u2013 10. November 2024<\/strong><\/p>\n\n\n\n<figure class=\"wp-block-image size-large\"><a href=\"https:\/\/schaffrath-haus.com\/wp-content\/uploads\/2024\/10\/Einladung-Masster-Glass-2-scaled.jpg\"><img loading=\"lazy\" decoding=\"async\" width=\"1024\" height=\"268\" src=\"https:\/\/schaffrath-haus.com\/wp-content\/uploads\/2024\/10\/Einladung-Masster-Glass-2-1024x268.jpg\" alt=\"\" class=\"wp-image-4393\" srcset=\"https:\/\/schaffrath-haus.com\/wp-content\/uploads\/2024\/10\/Einladung-Masster-Glass-2-1024x268.jpg 1024w, https:\/\/schaffrath-haus.com\/wp-content\/uploads\/2024\/10\/Einladung-Masster-Glass-2-300x79.jpg 300w, https:\/\/schaffrath-haus.com\/wp-content\/uploads\/2024\/10\/Einladung-Masster-Glass-2-768x201.jpg 768w, https:\/\/schaffrath-haus.com\/wp-content\/uploads\/2024\/10\/Einladung-Masster-Glass-2-1536x403.jpg 1536w, https:\/\/schaffrath-haus.com\/wp-content\/uploads\/2024\/10\/Einladung-Masster-Glass-2-2048x537.jpg 2048w\" sizes=\"(max-width: 1024px) 100vw, 1024px\" \/><\/a><\/figure>\n\n\n\n<figure class=\"wp-block-image size-large\"><a href=\"https:\/\/schaffrath-haus.com\/wp-content\/uploads\/2024\/10\/Einladung-Masster-Glass-1-scaled.jpg\"><img loading=\"lazy\" decoding=\"async\" width=\"1024\" height=\"267\" src=\"https:\/\/schaffrath-haus.com\/wp-content\/uploads\/2024\/10\/Einladung-Masster-Glass-1-1024x267.jpg\" alt=\"\" class=\"wp-image-4394\" srcset=\"https:\/\/schaffrath-haus.com\/wp-content\/uploads\/2024\/10\/Einladung-Masster-Glass-1-1024x267.jpg 1024w, https:\/\/schaffrath-haus.com\/wp-content\/uploads\/2024\/10\/Einladung-Masster-Glass-1-300x78.jpg 300w, https:\/\/schaffrath-haus.com\/wp-content\/uploads\/2024\/10\/Einladung-Masster-Glass-1-768x200.jpg 768w, https:\/\/schaffrath-haus.com\/wp-content\/uploads\/2024\/10\/Einladung-Masster-Glass-1-1536x401.jpg 1536w, https:\/\/schaffrath-haus.com\/wp-content\/uploads\/2024\/10\/Einladung-Masster-Glass-1-2048x534.jpg 2048w\" sizes=\"(max-width: 1024px) 100vw, 1024px\" \/><\/a><\/figure>\n\n\n\n<p><\/p>\n\n\n\n<p>\u201cMaster-Glass\u201d ist der Name, unter dem sich eine Gruppe von Bildenden K\u00fcnstlern zusammengef\u00fcgt hat, deren Spezialgebiet haupts\u00e4chlich der zeitgem\u00e4\u00dfen monumentalen Flachglaskunst gilt. Sie ist entstanden aus einer einzigartigen post-akademischen Ausbildung f\u00fcr monumentale \u201cKunst am Bau\u201d, die es in den Niederlanden seit 1969 nicht mehr gibt.<\/p>\n\n\n\n<p><strong>Vernissage<\/strong>:<\/p>\n\n\n\n<p>27. Oktober 2024, 11:30 Uhr, bis 16:00 Uhr ge\u00f6ffnet<\/p>\n\n\n\n<p><strong>Begr\u00fc\u00dfung<\/strong>:<\/p>\n\n\n\n<p>Friedhelm Kr\u00e4mer, stellv. B\u00fcrgermeister der Stadt Alsdorf<\/p>\n\n\n\n<p>Renate Rinkens, Vorstandsvorsitzende F\u00f6rderverein Schaffrathhaus<\/p>\n\n\n\n<p><strong>Einf\u00fchrung<\/strong>: Sibylle Gielen<\/p>\n\n\n\n<p><strong>27. Oktober 2024, 13:00 Uhr: Sascha Reckert<\/strong><\/p>\n\n\n\n<p>Konzert auf gl\u00e4sernen Instrumenten und anschauliche Einf\u00fchrung in die Geschichte der Glasmusik (ca. 25 Minuten)<\/p>\n\n\n\n<p><\/p>\n\n\n\n<p><strong>Weitere \u00d6ffnungszeiten:<\/strong><\/p>\n\n\n\n<p>Freitag 01. November 2024, 14:00-18:00 Uhr<\/p>\n\n\n\n<p>Samstag 02. November 2024, 14:00-18:00 Uhr<\/p>\n\n\n\n<p>Sonntag 03. November 2024, 11:30-16:00 Uhr<\/p>\n\n\n\n<p>Freitag 08. November 2024,14:00-18:00 Uhr<\/p>\n\n\n\n<p>Samstag 09. November 2024, 14:00-18:00 Uhr<\/p>\n\n\n\n<p>Sonntag 10. November 2024, 11:30-16:00 Uhr<\/p>\n\n\n\n<p><\/p>\n\n\n\n<p><strong>Es stellen aus:<\/strong><\/p>\n\n\n\n<p>Evelien de Bruijn, Anja van Aalen, Wim Gielen, Dagmara Gielen\u2013Bernacka, Titia Felderhof, Liesbeth Boon, Astrid Ballijns, Monique Vaes, Susanne Vreeburg, Mieke Manders, Nelie Anderson, Sibylle Gielen<\/p>\n\n\n\n<figure class=\"wp-block-image size-full is-resized\"><a href=\"https:\/\/schaffrath-haus.com\/wp-content\/uploads\/2024\/08\/master-glass.jpg\"><img loading=\"lazy\" decoding=\"async\" src=\"https:\/\/schaffrath-haus.com\/wp-content\/uploads\/2024\/08\/master-glass.jpg\" alt=\"\" class=\"wp-image-4158\" width=\"392\" height=\"562\" srcset=\"https:\/\/schaffrath-haus.com\/wp-content\/uploads\/2024\/08\/master-glass.jpg 560w, https:\/\/schaffrath-haus.com\/wp-content\/uploads\/2024\/08\/master-glass-209x300.jpg 209w\" sizes=\"(max-width: 392px) 100vw, 392px\" \/><\/a><\/figure>\n","protected":false},"excerpt":{"rendered":"<p>Niederl\u00e4ndische K\u00fcnstlergruppe Master-Glass \u201eIm Licht von Schaffrath\u201c \u2013 Hommage an einen besonderen Mann 27. Oktober \u2013 10. November 2024 \u201cMaster-Glass\u201d ist der Name, unter dem sich eine Gruppe von Bildenden K\u00fcnstlern zusammengef\u00fcgt hat, deren Spezialgebiet haupts\u00e4chlich der zeitgem\u00e4\u00dfen monumentalen Flachglaskunst gilt. Sie ist entstanden aus einer einzigartigen post-akademischen Ausbildung f\u00fcr monumentale \u201cKunst am Bau\u201d, die &hellip; <a href=\"https:\/\/schaffrath-haus.com\/?p=4412\" class=\"more-link\"><span class=\"screen-reader-text\">N\u00e4chste Ausstellung: 27.10. \u2013 10.11.2024 Niederl\u00e4ndische Master-Glass<\/span> weiterlesen <span class=\"meta-nav\">&rarr;<\/span><\/a><\/p>\n","protected":false},"author":1,"featured_media":0,"comment_status":"closed","ping_status":"closed","sticky":false,"template":"","format":"standard","meta":{"footnotes":""},"categories":[1],"tags":[27,33,34,32,35],"class_list":["post-4412","post","type-post","status-publish","format-standard","hentry","category-uncategorized","tag-ausstellung","tag-glass","tag-kuenstlergruppe","tag-master","tag-niederlaendisch"],"_links":{"self":[{"href":"https:\/\/schaffrath-haus.com\/index.php?rest_route=\/wp\/v2\/posts\/4412"}],"collection":[{"href":"https:\/\/schaffrath-haus.com\/index.php?rest_route=\/wp\/v2\/posts"}],"about":[{"href":"https:\/\/schaffrath-haus.com\/index.php?rest_route=\/wp\/v2\/types\/post"}],"author":[{"embeddable":true,"href":"https:\/\/schaffrath-haus.com\/index.php?rest_route=\/wp\/v2\/users\/1"}],"replies":[{"embeddable":true,"href":"https:\/\/schaffrath-haus.com\/index.php?rest_route=%2Fwp%2Fv2%2Fcomments&post=4412"}],"version-history":[{"count":3,"href":"https:\/\/schaffrath-haus.com\/index.php?rest_route=\/wp\/v2\/posts\/4412\/revisions"}],"predecessor-version":[{"id":4415,"href":"https:\/\/schaffrath-haus.com\/index.php?rest_route=\/wp\/v2\/posts\/4412\/revisions\/4415"}],"wp:attachment":[{"href":"https:\/\/schaffrath-haus.com\/index.php?rest_route=%2Fwp%2Fv2%2Fmedia&parent=4412"}],"wp:term":[{"taxonomy":"category","embeddable":true,"href":"https:\/\/schaffrath-haus.com\/index.php?rest_route=%2Fwp%2Fv2%2Fcategories&post=4412"},{"taxonomy":"post_tag","embeddable":true,"href":"https:\/\/schaffrath-haus.com\/index.php?rest_route=%2Fwp%2Fv2%2Ftags&post=4412"}],"curies":[{"name":"wp","href":"https:\/\/api.w.org\/{rel}","templated":true}]}}