{"id":4166,"date":"2024-08-07T10:49:35","date_gmt":"2024-08-07T10:49:35","guid":{"rendered":"https:\/\/schaffrath-haus.com\/wp\/?p=4166"},"modified":"2024-10-13T07:39:41","modified_gmt":"2024-10-13T07:39:41","slug":"naechste-ausstellung-oel-trifft-stahl","status":"publish","type":"post","link":"https:\/\/schaffrath-haus.com\/?p=4166","title":{"rendered":"N\u00e4chste Ausstellung ab 15.09.2024: &#8222;\u00d6l trifft Stahl&#8220; Willi Arlt &amp; Conny Ro\u00dfkamp"},"content":{"rendered":"\n<p class=\"has-text-color has-large-font-size\" style=\"color:#0a7817f7\"><strong>MALEREI &amp; SKULPTUREN<\/strong><\/p>\n\n\n\n<p class=\"has-medium-font-size\"><strong>15. &#8211; 29. September 2024<\/strong><\/p>\n\n\n\n<p class=\"has-medium-font-size\"><strong>Conny Ro\u00dfkamp (Malerei) &amp; Willi Arlt (Skulpturen)<\/strong><\/p>\n\n\n\n<figure class=\"wp-block-image size-large\"><a href=\"https:\/\/schaffrath-haus.com\/wp-content\/uploads\/2024\/08\/Titelblatt-Flyer.jpg\"><img loading=\"lazy\" decoding=\"async\" width=\"1024\" height=\"498\" src=\"https:\/\/schaffrath-haus.com\/wp-content\/uploads\/2024\/08\/Titelblatt-Flyer-1024x498.jpg\" alt=\"\" class=\"wp-image-4154\" srcset=\"https:\/\/schaffrath-haus.com\/wp-content\/uploads\/2024\/08\/Titelblatt-Flyer-1024x498.jpg 1024w, https:\/\/schaffrath-haus.com\/wp-content\/uploads\/2024\/08\/Titelblatt-Flyer-300x146.jpg 300w, https:\/\/schaffrath-haus.com\/wp-content\/uploads\/2024\/08\/Titelblatt-Flyer-768x374.jpg 768w, https:\/\/schaffrath-haus.com\/wp-content\/uploads\/2024\/08\/Titelblatt-Flyer-1536x748.jpg 1536w, https:\/\/schaffrath-haus.com\/wp-content\/uploads\/2024\/08\/Titelblatt-Flyer-2048x997.jpg 2048w\" sizes=\"(max-width: 1024px) 100vw, 1024px\" \/><\/a><\/figure>\n\n\n\n<p><\/p>\n\n\n\n<p><strong>Vernissage:<\/strong> 15. September 2024, 11:30 Uhr, bis 14:30 Uhr ge\u00f6ffnet<\/p>\n\n\n\n<p><strong>Begr\u00fc\u00dfung<\/strong>: Renate Rinkens, Vorstandsvorsitzende Schaffrathhaus<\/p>\n\n\n\n<p><strong>Begr\u00fc\u00dfung<\/strong>: Alfred Sonders, B\u00fcrgermeister der Stadt Alsdorf<\/p>\n\n\n\n<p><strong>Einf\u00fchrung<\/strong>: Alexandra Simon-T\u00f6nges, Kunsthistorikerin <\/p>\n\n\n\n<p><strong>Weitere \u00d6ffnungszeiten<\/strong>:<\/p>\n\n\n\n<p>Samstag: 21.09. + 28.09. von 16:00 &#8211; 18:00 Uhr<\/p>\n\n\n\n<p>Sonntag: 22.09. + 29.09. von 14:00 &#8211; 18:00 Uhr<\/p>\n\n\n\n<p><strong>\u00dcber Willi Arlt: <\/strong>Willi Arlt arbeitet mit Eisen. Es kommt vornehmlich Baustahl zum Einsatz. Es entstehen kleinere Skulpturen in einer eigenentwickelten Aufschwei\u00dftechnik, die meist reduzierte menschliche Gestalten darstellen. Au\u00dferdem erarbeitet er Eisenreliefbilder. Bei den Arbeiten f\u00fcr den Au\u00dfenbereich finden sich hier meist die menschliche Gestalt wieder, es sind jedoch auch abstrakte Formen m\u00f6glich. Nachdem er Jahrzehnte nur Kunst konsumierte, begann er zum Ende des letzten Jahrtausends selber Kunstwerke zu schaffen. Seine Kunst ist eine Synthese aus Spiel und Vernunft, die sich im Laufe der Jahre entwickelte. Die Logik der Vernunft trifft auf die Kausalit\u00e4t des Spiels. Dieses Zulassen des Zufalls, der sich \u00fcber die Machbarkeit der Vernunft legt und massiv einmischt, bringt die Spannung zwischen Ausdruck und Imagination, die das Material und der darauf gerichteten Gedanke alleine nicht geb\u00e4ren k\u00f6nnen. Diese Meditation des Machens, die von der Umwelt befreit, sich ganz auf das jeweilige St\u00fcck fokussiert, beh\u00e4lt den Grundgedanken, verbiegt jedoch die Realit\u00e4t und zeigt die Seele, die in das Werk geflossen ist. Und mit jedem Arbeitsschritt manifestiert sich das Unausgesprochene, aber unterschwellig Verbundene, das aus seinem Inneren nach au\u00dfen dr\u00e4ngt. In dem Moment verliert das massive Material seine Starre und gibt sich der formenden Hand hin, welche die H\u00fclle einer Idee erschafft, die sich nach der Fertigstellung dort einnistet und sich dem zeigt, der danach sucht. (Text Willi Arlt)<\/p>\n\n\n\n<figure class=\"wp-block-gallery has-nested-images columns-default is-cropped wp-block-gallery-1 is-layout-flex wp-block-gallery-is-layout-flex\">\n<figure class=\"wp-block-image size-thumbnail\"><a href=\"https:\/\/schaffrath-haus.com\/wp-content\/uploads\/2024\/08\/Portrait-mit-Tod-und-das-Maedchen-scaled.jpg\"><img loading=\"lazy\" decoding=\"async\" width=\"150\" height=\"150\" data-id=\"4168\" src=\"https:\/\/schaffrath-haus.com\/wp-content\/uploads\/2024\/08\/Portrait-mit-Tod-und-das-Maedchen-150x150.jpg\" alt=\"\" class=\"wp-image-4168\"\/><\/a><\/figure>\n\n\n\n<figure class=\"wp-block-image size-thumbnail\"><a href=\"https:\/\/schaffrath-haus.com\/wp-content\/uploads\/2024\/03\/Willi-Arlt-scaled.jpg\"><img loading=\"lazy\" decoding=\"async\" width=\"150\" height=\"150\" data-id=\"3896\" src=\"https:\/\/schaffrath-haus.com\/wp-content\/uploads\/2024\/03\/Willi-Arlt-150x150.jpg\" alt=\"\" class=\"wp-image-3896\" srcset=\"https:\/\/schaffrath-haus.com\/wp-content\/uploads\/2024\/03\/Willi-Arlt-150x150.jpg 150w, https:\/\/schaffrath-haus.com\/wp-content\/uploads\/2024\/03\/Willi-Arlt-300x300.jpg 300w, https:\/\/schaffrath-haus.com\/wp-content\/uploads\/2024\/03\/Willi-Arlt-1024x1024.jpg 1024w, https:\/\/schaffrath-haus.com\/wp-content\/uploads\/2024\/03\/Willi-Arlt-768x768.jpg 768w, https:\/\/schaffrath-haus.com\/wp-content\/uploads\/2024\/03\/Willi-Arlt-1536x1536.jpg 1536w, https:\/\/schaffrath-haus.com\/wp-content\/uploads\/2024\/03\/Willi-Arlt-2048x2048.jpg 2048w\" sizes=\"(max-width: 150px) 100vw, 150px\" \/><\/a><\/figure>\n<\/figure>\n\n\n\n<p><\/p>\n\n\n\n<p><strong>\u00dcber Conny Ro\u00dfkamp:<\/strong> Conny Ro\u00dfkamps Gem\u00e4lde lassen Landschaften assoziieren: Berglandschaften, Stadtlandschaften, Meereslandschaften. Doch der Schein tr\u00fcgt.&nbsp; Das Thema ist die Malerei selbst, nicht das Abbilden von Realit\u00e4t in der Malerei. Die Intention ist ein Ausloten der malerischen M\u00f6glichkeiten und Experimentieren mit Farbwirkungen. Die durch die Abstraktion geschulten heutigen Sehgewohnheiten lassen zwar in den Vertikalen und Horizontalen bisweilen Berge oder Meereswogen erkennen, doch sind diese weder intendiert noch faktisch auf der Leinwand vorhanden. Allein im Sehprozess des Betrachters erlangt dieser Farbauftrag eine Anbindung an real Gesehenes. Die Farbe wird mit Spachteln aufgetragen und es geht hier nur um die Farbwirkungen der Farben zu einander. Titel werden den Bildern erst im Nachhinein zugef\u00fchrt, um nicht den Malprozess zu beeinflussen. (Text Conny Ro\u00dfkamp)<\/p>\n\n\n\n<figure class=\"wp-block-gallery has-nested-images columns-default is-cropped wp-block-gallery-2 is-layout-flex wp-block-gallery-is-layout-flex\">\n<figure class=\"wp-block-image size-large\"><a href=\"https:\/\/schaffrath-haus.com\/wp-content\/uploads\/2024\/08\/2022-Katalog-Conny1-foto.png\"><img loading=\"lazy\" decoding=\"async\" width=\"522\" height=\"663\" data-id=\"4167\" src=\"https:\/\/schaffrath-haus.com\/wp-content\/uploads\/2024\/08\/2022-Katalog-Conny1-foto.png\" alt=\"\" class=\"wp-image-4167\" srcset=\"https:\/\/schaffrath-haus.com\/wp-content\/uploads\/2024\/08\/2022-Katalog-Conny1-foto.png 522w, https:\/\/schaffrath-haus.com\/wp-content\/uploads\/2024\/08\/2022-Katalog-Conny1-foto-236x300.png 236w\" sizes=\"(max-width: 522px) 100vw, 522px\" \/><\/a><\/figure>\n\n\n\n<figure class=\"wp-block-image size-thumbnail\"><a href=\"https:\/\/schaffrath-haus.com\/wp-content\/uploads\/2024\/03\/Conny-Rosskamp-2022-Kraftvoll-60-80.jpeg\"><img loading=\"lazy\" decoding=\"async\" width=\"150\" height=\"150\" data-id=\"3894\" src=\"https:\/\/schaffrath-haus.com\/wp-content\/uploads\/2024\/03\/Conny-Rosskamp-2022-Kraftvoll-60-80-150x150.jpeg\" alt=\"\" class=\"wp-image-3894\"\/><\/a><\/figure>\n<\/figure>\n\n\n\n<p>Besuchen und Liken Sie uns auch auf <a href=\"https:\/\/www.facebook.com\/Schaffrathhaus\">Facebook<\/a><\/p>\n","protected":false},"excerpt":{"rendered":"<p>MALEREI &amp; SKULPTUREN 15. &#8211; 29. September 2024 Conny Ro\u00dfkamp (Malerei) &amp; Willi Arlt (Skulpturen) Vernissage: 15. September 2024, 11:30 Uhr, bis 14:30 Uhr ge\u00f6ffnet Begr\u00fc\u00dfung: Renate Rinkens, Vorstandsvorsitzende Schaffrathhaus Begr\u00fc\u00dfung: Alfred Sonders, B\u00fcrgermeister der Stadt Alsdorf Einf\u00fchrung: Alexandra Simon-T\u00f6nges, Kunsthistorikerin Weitere \u00d6ffnungszeiten: Samstag: 21.09. + 28.09. von 16:00 &#8211; 18:00 Uhr Sonntag: 22.09. + &hellip; <a href=\"https:\/\/schaffrath-haus.com\/?p=4166\" class=\"more-link\"><span class=\"screen-reader-text\">N\u00e4chste Ausstellung ab 15.09.2024: &#8222;\u00d6l trifft Stahl&#8220; Willi Arlt &amp; Conny Ro\u00dfkamp<\/span> weiterlesen <span class=\"meta-nav\">&rarr;<\/span><\/a><\/p>\n","protected":false},"author":1,"featured_media":0,"comment_status":"closed","ping_status":"closed","sticky":false,"template":"","format":"standard","meta":{"footnotes":""},"categories":[1],"tags":[12,22,27,26,29,20,23,13,30,21,28],"class_list":["post-4166","post","type-post","status-publish","format-standard","hentry","category-uncategorized","tag-alsdorf","tag-arlt","tag-ausstellung","tag-kunst","tag-malerei","tag-oel","tag-rosskamp","tag-schaffrathhaus","tag-skulpturen","tag-stahl","tag-vernissage"],"_links":{"self":[{"href":"https:\/\/schaffrath-haus.com\/index.php?rest_route=\/wp\/v2\/posts\/4166"}],"collection":[{"href":"https:\/\/schaffrath-haus.com\/index.php?rest_route=\/wp\/v2\/posts"}],"about":[{"href":"https:\/\/schaffrath-haus.com\/index.php?rest_route=\/wp\/v2\/types\/post"}],"author":[{"embeddable":true,"href":"https:\/\/schaffrath-haus.com\/index.php?rest_route=\/wp\/v2\/users\/1"}],"replies":[{"embeddable":true,"href":"https:\/\/schaffrath-haus.com\/index.php?rest_route=%2Fwp%2Fv2%2Fcomments&post=4166"}],"version-history":[{"count":8,"href":"https:\/\/schaffrath-haus.com\/index.php?rest_route=\/wp\/v2\/posts\/4166\/revisions"}],"predecessor-version":[{"id":4451,"href":"https:\/\/schaffrath-haus.com\/index.php?rest_route=\/wp\/v2\/posts\/4166\/revisions\/4451"}],"wp:attachment":[{"href":"https:\/\/schaffrath-haus.com\/index.php?rest_route=%2Fwp%2Fv2%2Fmedia&parent=4166"}],"wp:term":[{"taxonomy":"category","embeddable":true,"href":"https:\/\/schaffrath-haus.com\/index.php?rest_route=%2Fwp%2Fv2%2Fcategories&post=4166"},{"taxonomy":"post_tag","embeddable":true,"href":"https:\/\/schaffrath-haus.com\/index.php?rest_route=%2Fwp%2Fv2%2Ftags&post=4166"}],"curies":[{"name":"wp","href":"https:\/\/api.w.org\/{rel}","templated":true}]}}