{"id":3903,"date":"2024-03-16T12:02:48","date_gmt":"2024-03-16T12:02:48","guid":{"rendered":"https:\/\/schaffrath-haus.com\/wp\/?p=3903"},"modified":"2024-10-13T07:32:00","modified_gmt":"2024-10-13T07:32:00","slug":"ankuendigung-jahreshauptversammlung","status":"publish","type":"post","link":"https:\/\/schaffrath-haus.com\/?p=3903","title":{"rendered":"JHV &#8211; Jahreshauptversammlung am 07.06.2024"},"content":{"rendered":"\n<p>Wir laden alle Mitglieder, G\u00e4ste und Interessierte herzlichst zu unserer Jahreshauptversammlung ein:<\/p>\n\n\n\n<p><strong>Wann<\/strong>: Freitag, den 7. Juni, 2024, um 19:00 Uhr<\/p>\n\n\n\n<p><strong>Wo<\/strong>: F\u00f6rderverein Schaffrathhaus, Theodor-Seipp-Stra\u00dfe 118, 52477 Alsdorf-Ofden<\/p>\n\n\n\n<p><strong>Tagesordnung:<\/strong><\/p>\n\n\n\n<p>TOP 1: Begr\u00fc\u00dfung und Verlesung des Protokolls vom 12. Mai, 2023<\/p>\n\n\n\n<p>TOP 2: Jahresr\u00fcckblick 2023<\/p>\n\n\n\n<p>TOP 3: Kassenbericht<\/p>\n\n\n\n<p>TOP 4: Bericht der Kassenpr\u00fcfer<\/p>\n\n\n\n<p>TOP 5: Entlastung der Kassiererin und des Vorstands<\/p>\n\n\n\n<p>TOP 6: Bericht aus dem Vorstand und Planung f\u00fcr 2024<\/p>\n\n\n\n<p>TOP 7: Verschiedenes:<\/p>\n\n\n\n<p>-Vorschl\u00e4ge f\u00fcr Ausflugsfahrten 2024<\/p>\n\n\n\n<p>-Anregungen der Mitglieder<\/p>\n\n\n\n<p><\/p>\n\n\n\n<p>F\u00fcr Trinken und leckere H\u00e4ppchen wird wie immer gesorgt.<\/p>\n\n\n\n<p>Mit freundlichen Gr\u00fc\u00dfen,<\/p>\n\n\n\n<p>Vorstand des F\u00f6rdervereins Schaffrathhaus<\/p>\n\n\n<p><\/p>\n<p><!-- \/wp:paragraph --><\/p>\n<p><!-- wp:image {\"id\":3904,\"sizeSlug\":\"large\",\"linkDestination\":\"media\"} --><\/p>\n<figure class=\"wp-block-image size-large\"><a href=\"https:\/\/schaffrath-haus.com\/wp-content\/uploads\/2024\/03\/Omiya-scaled.jpg\"><img loading=\"lazy\" decoding=\"async\" width=\"1024\" height=\"451\" class=\"wp-image-3904\" src=\"https:\/\/schaffrath-haus.com\/wp-content\/uploads\/2024\/03\/Omiya-1024x451.jpg\" alt=\"\" srcset=\"https:\/\/schaffrath-haus.com\/wp-content\/uploads\/2024\/03\/Omiya-1024x451.jpg 1024w, https:\/\/schaffrath-haus.com\/wp-content\/uploads\/2024\/03\/Omiya-300x132.jpg 300w, https:\/\/schaffrath-haus.com\/wp-content\/uploads\/2024\/03\/Omiya-768x338.jpg 768w, https:\/\/schaffrath-haus.com\/wp-content\/uploads\/2024\/03\/Omiya-1536x676.jpg 1536w, https:\/\/schaffrath-haus.com\/wp-content\/uploads\/2024\/03\/Omiya-2048x902.jpg 2048w\" sizes=\"(max-width: 1024px) 100vw, 1024px\" \/><\/a><\/figure>\n<p><!-- \/wp:image --><\/p>","protected":false},"excerpt":{"rendered":"<p>Wir laden alle Mitglieder, G\u00e4ste und Interessierte herzlichst zu unserer Jahreshauptversammlung ein: Wann: Freitag, den 7. Juni, 2024, um 19:00 Uhr Wo: F\u00f6rderverein Schaffrathhaus, Theodor-Seipp-Stra\u00dfe 118, 52477 Alsdorf-Ofden Tagesordnung: TOP 1: Begr\u00fc\u00dfung und Verlesung des Protokolls vom 12. Mai, 2023 TOP 2: Jahresr\u00fcckblick 2023 TOP 3: Kassenbericht TOP 4: Bericht der Kassenpr\u00fcfer TOP 5: Entlastung &hellip; <a href=\"https:\/\/schaffrath-haus.com\/?p=3903\" class=\"more-link\"><span class=\"screen-reader-text\">JHV &#8211; Jahreshauptversammlung am 07.06.2024<\/span> weiterlesen <span class=\"meta-nav\">&rarr;<\/span><\/a><\/p>\n","protected":false},"author":1,"featured_media":0,"comment_status":"closed","ping_status":"closed","sticky":false,"template":"","format":"standard","meta":{"footnotes":""},"categories":[1],"tags":[],"class_list":["post-3903","post","type-post","status-publish","format-standard","hentry","category-uncategorized"],"_links":{"self":[{"href":"https:\/\/schaffrath-haus.com\/index.php?rest_route=\/wp\/v2\/posts\/3903"}],"collection":[{"href":"https:\/\/schaffrath-haus.com\/index.php?rest_route=\/wp\/v2\/posts"}],"about":[{"href":"https:\/\/schaffrath-haus.com\/index.php?rest_route=\/wp\/v2\/types\/post"}],"author":[{"embeddable":true,"href":"https:\/\/schaffrath-haus.com\/index.php?rest_route=\/wp\/v2\/users\/1"}],"replies":[{"embeddable":true,"href":"https:\/\/schaffrath-haus.com\/index.php?rest_route=%2Fwp%2Fv2%2Fcomments&post=3903"}],"version-history":[{"count":13,"href":"https:\/\/schaffrath-haus.com\/index.php?rest_route=\/wp\/v2\/posts\/3903\/revisions"}],"predecessor-version":[{"id":4450,"href":"https:\/\/schaffrath-haus.com\/index.php?rest_route=\/wp\/v2\/posts\/3903\/revisions\/4450"}],"wp:attachment":[{"href":"https:\/\/schaffrath-haus.com\/index.php?rest_route=%2Fwp%2Fv2%2Fmedia&parent=3903"}],"wp:term":[{"taxonomy":"category","embeddable":true,"href":"https:\/\/schaffrath-haus.com\/index.php?rest_route=%2Fwp%2Fv2%2Fcategories&post=3903"},{"taxonomy":"post_tag","embeddable":true,"href":"https:\/\/schaffrath-haus.com\/index.php?rest_route=%2Fwp%2Fv2%2Ftags&post=3903"}],"curies":[{"name":"wp","href":"https:\/\/api.w.org\/{rel}","templated":true}]}}