{"id":3751,"date":"2023-09-14T04:47:07","date_gmt":"2023-09-14T04:47:07","guid":{"rendered":"https:\/\/schaffrath-haus.com\/wp\/?p=3751"},"modified":"2023-09-14T04:47:40","modified_gmt":"2023-09-14T04:47:40","slug":"20-09-2023-vhs-vortrag-der-separatistenaufstand-192-im-schaffrathhaus","status":"publish","type":"post","link":"https:\/\/schaffrath-haus.com\/?p=3751","title":{"rendered":"20.09.2023 VHS Vortrag &#8222;Der Separatistenaufstand 192&#8220; im Schaffrathhaus"},"content":{"rendered":"\n<p><strong>Vortrag: Der Separatistenaufstand 1923<\/strong><\/p>\n\n\n\n<p><strong>Der Eintritt ist kostenfrei. Um Anmeldung wird unter 02404-9063-0 gebeten.<\/strong><\/p>\n\n\n\n<p><strong>Am Mittwoch, 20.09.2023, um 19:00 <\/strong>Uhr l\u00e4dt der Alsdorfer Geschichtsverein gemeinsam mit der VHS Nordkreis Aachen zum <strong>Vortrag Separatistenaufstand<\/strong> <strong>1923<\/strong> in das Schaffrathhaus, Theodor-Seipp-Stra\u00dfe 118 nach Alsdorf ein.<\/p>\n\n\n\n<p>Dr. Thomas M\u00fcller und Dr. Ren\u00e9 Rohrkamp beleuchten die Zeit zwischen dem 21.10. und 2.11.1923, in der Separatisten in Aachen versuchten, die Rheinische Republik zu etablieren. Ihr Putschversuch geschah auf dem H\u00f6hepunkt des Krisenjahrs 1923.<\/p>\n\n\n\n<p>Doch spiegelt er nicht nur die innerdeutsche Krise, sondern auch die komplexen Beziehungen zwischen dem der Aachener Region, Belgien und den \u00fcbrigen Besatzungsm\u00e4chten nach dem Ersten Weltkrieg wider. Gleichzeitig ist das Bild des Aachener Putschs von Narrativen gepr\u00e4gt, die in der Zwischenkriegszeit etabliert wurden. Sie zeigen die Sicht der Gegner der Separatisten, die nicht selten von einer antibelgischen Haltung gepr\u00e4gt waren.<\/p>\n\n\n\n<p>Der Vortrag bietet einen Einblick in laufende Forschungen des Stadtarchivs Aachen \u00fcber die Aachener Proklamation eines rheinischen Staates. <\/p>\n","protected":false},"excerpt":{"rendered":"<p>Vortrag: Der Separatistenaufstand 1923 Der Eintritt ist kostenfrei. Um Anmeldung wird unter 02404-9063-0 gebeten. Am Mittwoch, 20.09.2023, um 19:00 Uhr l\u00e4dt der Alsdorfer Geschichtsverein gemeinsam mit der VHS Nordkreis Aachen zum Vortrag Separatistenaufstand 1923 in das Schaffrathhaus, Theodor-Seipp-Stra\u00dfe 118 nach Alsdorf ein. Dr. Thomas M\u00fcller und Dr. Ren\u00e9 Rohrkamp beleuchten die Zeit zwischen dem 21.10. &hellip; <a href=\"https:\/\/schaffrath-haus.com\/?p=3751\" class=\"more-link\"><span class=\"screen-reader-text\">20.09.2023 VHS Vortrag &#8222;Der Separatistenaufstand 192&#8220; im Schaffrathhaus<\/span> weiterlesen <span class=\"meta-nav\">&rarr;<\/span><\/a><\/p>\n","protected":false},"author":1,"featured_media":0,"comment_status":"closed","ping_status":"closed","sticky":false,"template":"","format":"standard","meta":{"footnotes":""},"categories":[1],"tags":[],"class_list":["post-3751","post","type-post","status-publish","format-standard","hentry","category-uncategorized"],"_links":{"self":[{"href":"https:\/\/schaffrath-haus.com\/index.php?rest_route=\/wp\/v2\/posts\/3751"}],"collection":[{"href":"https:\/\/schaffrath-haus.com\/index.php?rest_route=\/wp\/v2\/posts"}],"about":[{"href":"https:\/\/schaffrath-haus.com\/index.php?rest_route=\/wp\/v2\/types\/post"}],"author":[{"embeddable":true,"href":"https:\/\/schaffrath-haus.com\/index.php?rest_route=\/wp\/v2\/users\/1"}],"replies":[{"embeddable":true,"href":"https:\/\/schaffrath-haus.com\/index.php?rest_route=%2Fwp%2Fv2%2Fcomments&post=3751"}],"version-history":[{"count":2,"href":"https:\/\/schaffrath-haus.com\/index.php?rest_route=\/wp\/v2\/posts\/3751\/revisions"}],"predecessor-version":[{"id":3753,"href":"https:\/\/schaffrath-haus.com\/index.php?rest_route=\/wp\/v2\/posts\/3751\/revisions\/3753"}],"wp:attachment":[{"href":"https:\/\/schaffrath-haus.com\/index.php?rest_route=%2Fwp%2Fv2%2Fmedia&parent=3751"}],"wp:term":[{"taxonomy":"category","embeddable":true,"href":"https:\/\/schaffrath-haus.com\/index.php?rest_route=%2Fwp%2Fv2%2Fcategories&post=3751"},{"taxonomy":"post_tag","embeddable":true,"href":"https:\/\/schaffrath-haus.com\/index.php?rest_route=%2Fwp%2Fv2%2Ftags&post=3751"}],"curies":[{"name":"wp","href":"https:\/\/api.w.org\/{rel}","templated":true}]}}