{"id":375,"date":"2014-11-17T11:06:13","date_gmt":"2014-11-17T11:06:13","guid":{"rendered":"http:\/\/schaffrath-haus.com\/wp\/?p=375"},"modified":"2014-11-17T11:10:45","modified_gmt":"2014-11-17T11:10:45","slug":"ein-kabarettistischer-fruehschoppen-mit-juergen-b-hausmann","status":"publish","type":"post","link":"https:\/\/schaffrath-haus.com\/?p=375","title":{"rendered":"Ein kabarettistischer Fr\u00fchschoppen mit J\u00fcrgen B. Hausmann"},"content":{"rendered":"<p>\u00bbAuf e Bier mit d\u2019r Jung\u00ab<\/p>\n<p>Text:\u2008Marion\u2008Moretti \u00b7\u2008Fotos:\u2008Wilfried Sch\u00fcller<\/p>\n<p>Sie waren schnell vergriffen, die Karten zum kabarettistischen Fr\u00fch\u00adschoppen \u00bbAuf e Bier mit d`r Jung\u00ab. J\u00fcrgen Beckers alias J\u00fcrgen B. Hausmann hatte dazu in das Schaffrathhaus eingeladen, und wer l\u00e4sst sich da schon die Gelegenheit entgehen, in dieser be\u00adson\u00adde\u00adren Atmosph\u00e4re den Alsdorfer K\u00fcnstler hautnah zu erleben.<\/p>\n<p><a href=\"https:\/\/schaffrath-haus.com\/wp-content\/uploads\/2014\/11\/DSC_4329.jpg\"><img loading=\"lazy\" decoding=\"async\" class=\"aligncenter size-full wp-image-401\" alt=\"DSC_4329\" src=\"https:\/\/schaffrath-haus.com\/wp-content\/uploads\/2014\/11\/DSC_4329.jpg\" width=\"1000\" height=\"665\" srcset=\"https:\/\/schaffrath-haus.com\/wp-content\/uploads\/2014\/11\/DSC_4329.jpg 1000w, https:\/\/schaffrath-haus.com\/wp-content\/uploads\/2014\/11\/DSC_4329-300x199.jpg 300w\" sizes=\"(max-width: 1000px) 100vw, 1000px\" \/><\/a><\/p>\n<p>Und auch J\u00fcrgen Beckers, der mit seiner Benefizvorstellung den Verein \u00bbSchaff\u00adrathhaus \u2013 Kultur im Atelier\u00ab f\u00f6rdern m\u00f6chte, f\u00fchlte sich wohl im besonderen Ambiente des Museums und genoss sichtlich den Kontakt mit seinem Publikum; es gab immer wieder spontane Einlassungen des K\u00fcnstlers, der viele seiner G\u00e4ste auch pers\u00f6nlich kannte. Ein weiteres Anliegen sei ihm, das \u00bbImage von Alsdorf ein bisschen aufzupeppen\u00ab, und er war sichtlich angetan vom Veranstaltungsort \u00bbein sch\u00f6ner Rahmen, um Kleinkunst zu machen\u00ab.<\/p>\n<p>Gem\u00fctlich bei Bier und leckeren kleinen H\u00e4ppchen war dies ein Fr\u00fchschoppen der ganz besonderen Art \u2013 sicherlich nicht zum letzten Mal, wie J\u00fcrgen Beckers zusagte. Dieser Rahmen am Sonntagvormittag bringt mit sich, dass die G\u00e4ste entspannt und nicht aus der Hektik des Alltages heraus in seine Vorstellung kommen, das sch\u00e4tzt der K\u00fcnstler.<\/p>\n<p>Auch diese Benefizveranstaltung kann \u2013 ebenso wie der Abend mit Dieter Kaspari,\u2008Franz Brandt und Uwe B\u00f6ttcher und auch das Konzert von \u00bbProjekt Dreiklang\u00ab im Rahmen des Euro\u00adpa\u00adfestes mehr als gelungen bezeichnet werden.<\/p>\n<p>Gern unterst\u00fctzen die K\u00fcnstler den Verein in seinem Anliegen, die Werk- und Atelierr\u00e4ume des Alsdorfer K\u00fcnstlers Ludwig Schaffrath mit kul\u00adturellem Leben zu f\u00fcllen. Inzwischen konnte der Verein bereits einige Investitionen t\u00e4tigen \u2013 dank der F\u00f6rdergelder des Landschaftsverbandes Rhein\u00adland, der Sparkasse Aachen und nat\u00fcrlich der tatkr\u00e4ftigen Unterst\u00fctzung von K\u00fcnstlern wie J\u00fcrgen Beckers.<\/p>\n<p>In ihrer Begr\u00fc\u00dfung wies Ursula Schaffrath-Busch auf die weiteren Vorhaben hinsichtlich des Ausbaus der R\u00e4umlich\u00adkeiten hin. Schlie\u00dflich planen die Aktiven des Vereins, die Werk- und Atelierr\u00e4ume dahingehend zu gestalten, dass Raum geschaffen wird etwa f\u00fcr Ausstellungen anderer K\u00fcnstler, genauso f\u00fcr literarische Veranstaltungen und nat\u00fcrlich weiterhin Musik, Kabarett\u2026<\/p>\n<p>L\u00e4ssig an der Theke stehend kl\u00e4rte der Kabarettist erst einmal \u00fcber die Herkunft des Wortes Theke auf und hob die medizinischen Aspekte hervor, &#8211; denke man nur an das Wort \u00bbApotheke\u00ab. Kein Wunder, dass M\u00e4nner \u00fcberzeugt sind von der heilsamen Kraft des Bieres \u2013 gut f\u00fcr die Nieren, gut f\u00fcr die Nerven, gut f\u00fcr die Haare.<\/p>\n<p>Mit am\u00fcsiertem und dabei liebevollem Blick ging der K\u00fcnstler auf das Brauch\u00adtum, die Eigenheiten und nat\u00fcr\u00adlich die Menschen hier in unserer Region ein. Dass da der Karneval nicht fehlen darf, versteht sich wie von selbst, und es gab immer wieder herzhaftes Lachen und spontanen Applaus bei den Anekd\u00f6tchen, die J\u00fcrgen Beckers, wohl auch inspiriert durch die N\u00e4he zum Publikum, zum Besten gab.<\/p>\n<p>Zuviel wollen wir nicht verraten aus dem neuen Programm des K\u00fcnstlers, das in dieser Veranstaltung auszugsweise vorgestellt und vom Publikum mit langanhaltendem Applaus be\u00addacht wurde.<\/p>\n<p>Am Ende versprach der K\u00fcnstler, nicht zum letzten Mal im Schaffrathhaus gewesen zu sein und k\u00fcndigte an, \u00a0dort im Rahmen einer Lesung sein neues Buch \u00bbD`r Jung wird Fuffzisch\u00ab vorzustellen. Wir freuen uns schon!<\/p>\n<div id='gallery-1' class='gallery galleryid-375 gallery-columns-3 gallery-size-thumbnail'><figure class='gallery-item'>\n\t\t\t<div class='gallery-icon landscape'>\n\t\t\t\t<a href='https:\/\/schaffrath-haus.com\/?attachment_id=377'><img loading=\"lazy\" decoding=\"async\" width=\"150\" height=\"150\" src=\"https:\/\/schaffrath-haus.com\/wp-content\/uploads\/2014\/11\/DSC_3974-150x150.jpg\" class=\"attachment-thumbnail size-thumbnail\" alt=\"\" \/><\/a>\n\t\t\t<\/div><\/figure><figure class='gallery-item'>\n\t\t\t<div class='gallery-icon landscape'>\n\t\t\t\t<a href='https:\/\/schaffrath-haus.com\/?attachment_id=388'><img loading=\"lazy\" decoding=\"async\" width=\"150\" height=\"150\" src=\"https:\/\/schaffrath-haus.com\/wp-content\/uploads\/2014\/11\/DSC_4327b-150x150.jpg\" class=\"attachment-thumbnail size-thumbnail\" alt=\"\" \/><\/a>\n\t\t\t<\/div><\/figure><figure class='gallery-item'>\n\t\t\t<div class='gallery-icon landscape'>\n\t\t\t\t<a href='https:\/\/schaffrath-haus.com\/?attachment_id=381'><img loading=\"lazy\" decoding=\"async\" width=\"150\" height=\"150\" src=\"https:\/\/schaffrath-haus.com\/wp-content\/uploads\/2014\/11\/DSC_4100-150x150.jpg\" class=\"attachment-thumbnail size-thumbnail\" alt=\"\" \/><\/a>\n\t\t\t<\/div><\/figure><figure class='gallery-item'>\n\t\t\t<div class='gallery-icon landscape'>\n\t\t\t\t<a href='https:\/\/schaffrath-haus.com\/?attachment_id=384'><img loading=\"lazy\" decoding=\"async\" width=\"150\" height=\"150\" src=\"https:\/\/schaffrath-haus.com\/wp-content\/uploads\/2014\/11\/DSC_4250-150x150.jpg\" class=\"attachment-thumbnail size-thumbnail\" alt=\"\" \/><\/a>\n\t\t\t<\/div><\/figure><figure class='gallery-item'>\n\t\t\t<div class='gallery-icon landscape'>\n\t\t\t\t<a href='https:\/\/schaffrath-haus.com\/?attachment_id=383'><img loading=\"lazy\" decoding=\"async\" width=\"150\" height=\"150\" src=\"https:\/\/schaffrath-haus.com\/wp-content\/uploads\/2014\/11\/DSC_4123-150x150.jpg\" class=\"attachment-thumbnail size-thumbnail\" alt=\"\" \/><\/a>\n\t\t\t<\/div><\/figure><figure class='gallery-item'>\n\t\t\t<div class='gallery-icon portrait'>\n\t\t\t\t<a href='https:\/\/schaffrath-haus.com\/?attachment_id=397'><img loading=\"lazy\" decoding=\"async\" width=\"150\" height=\"150\" src=\"https:\/\/schaffrath-haus.com\/wp-content\/uploads\/2014\/11\/DSC_4155-150x150.jpg\" class=\"attachment-thumbnail size-thumbnail\" alt=\"\" \/><\/a>\n\t\t\t<\/div><\/figure><figure class='gallery-item'>\n\t\t\t<div class='gallery-icon landscape'>\n\t\t\t\t<a href='https:\/\/schaffrath-haus.com\/?attachment_id=389'><img loading=\"lazy\" decoding=\"async\" width=\"150\" height=\"150\" src=\"https:\/\/schaffrath-haus.com\/wp-content\/uploads\/2014\/11\/DSC_4386-150x150.jpg\" class=\"attachment-thumbnail size-thumbnail\" alt=\"\" \/><\/a>\n\t\t\t<\/div><\/figure><figure class='gallery-item'>\n\t\t\t<div class='gallery-icon portrait'>\n\t\t\t\t<a href='https:\/\/schaffrath-haus.com\/?attachment_id=396'><img loading=\"lazy\" decoding=\"async\" width=\"150\" height=\"150\" src=\"https:\/\/schaffrath-haus.com\/wp-content\/uploads\/2014\/11\/DSC_4069-150x150.jpg\" class=\"attachment-thumbnail size-thumbnail\" alt=\"\" \/><\/a>\n\t\t\t<\/div><\/figure><figure class='gallery-item'>\n\t\t\t<div class='gallery-icon landscape'>\n\t\t\t\t<a href='https:\/\/schaffrath-haus.com\/?attachment_id=378'><img loading=\"lazy\" decoding=\"async\" width=\"150\" height=\"150\" src=\"https:\/\/schaffrath-haus.com\/wp-content\/uploads\/2014\/11\/DSC_3978-150x150.jpg\" class=\"attachment-thumbnail size-thumbnail\" alt=\"\" \/><\/a>\n\t\t\t<\/div><\/figure><figure class='gallery-item'>\n\t\t\t<div class='gallery-icon landscape'>\n\t\t\t\t<a href='https:\/\/schaffrath-haus.com\/?attachment_id=386'><img loading=\"lazy\" decoding=\"async\" width=\"150\" height=\"150\" src=\"https:\/\/schaffrath-haus.com\/wp-content\/uploads\/2014\/11\/DSC_4305-150x150.jpg\" class=\"attachment-thumbnail size-thumbnail\" alt=\"\" \/><\/a>\n\t\t\t<\/div><\/figure><figure class='gallery-item'>\n\t\t\t<div class='gallery-icon landscape'>\n\t\t\t\t<a href='https:\/\/schaffrath-haus.com\/?attachment_id=387'><img loading=\"lazy\" decoding=\"async\" width=\"150\" height=\"150\" src=\"https:\/\/schaffrath-haus.com\/wp-content\/uploads\/2014\/11\/DSC_4308-150x150.jpg\" class=\"attachment-thumbnail size-thumbnail\" alt=\"\" \/><\/a>\n\t\t\t<\/div><\/figure><figure class='gallery-item'>\n\t\t\t<div class='gallery-icon landscape'>\n\t\t\t\t<a href='https:\/\/schaffrath-haus.com\/?attachment_id=393'><img loading=\"lazy\" decoding=\"async\" width=\"150\" height=\"150\" src=\"https:\/\/schaffrath-haus.com\/wp-content\/uploads\/2014\/11\/DSC_4429-150x150.jpg\" class=\"attachment-thumbnail size-thumbnail\" alt=\"\" \/><\/a>\n\t\t\t<\/div><\/figure><figure class='gallery-item'>\n\t\t\t<div class='gallery-icon landscape'>\n\t\t\t\t<a href='https:\/\/schaffrath-haus.com\/?attachment_id=402'><img loading=\"lazy\" decoding=\"async\" width=\"150\" height=\"150\" src=\"https:\/\/schaffrath-haus.com\/wp-content\/uploads\/2014\/11\/DSC_4036-150x150.jpg\" class=\"attachment-thumbnail size-thumbnail\" alt=\"\" \/><\/a>\n\t\t\t<\/div><\/figure><figure class='gallery-item'>\n\t\t\t<div class='gallery-icon landscape'>\n\t\t\t\t<a href='https:\/\/schaffrath-haus.com\/?attachment_id=376'><img loading=\"lazy\" decoding=\"async\" width=\"150\" height=\"150\" src=\"https:\/\/schaffrath-haus.com\/wp-content\/uploads\/2014\/11\/DSC_4466-150x150.jpg\" class=\"attachment-thumbnail size-thumbnail\" alt=\"\" \/><\/a>\n\t\t\t<\/div><\/figure><figure class='gallery-item'>\n\t\t\t<div class='gallery-icon landscape'>\n\t\t\t\t<a href='https:\/\/schaffrath-haus.com\/?attachment_id=403'><img loading=\"lazy\" decoding=\"async\" width=\"150\" height=\"150\" src=\"https:\/\/schaffrath-haus.com\/wp-content\/uploads\/2014\/11\/DSC_4143-150x150.jpg\" class=\"attachment-thumbnail size-thumbnail\" alt=\"\" \/><\/a>\n\t\t\t<\/div><\/figure><figure class='gallery-item'>\n\t\t\t<div class='gallery-icon portrait'>\n\t\t\t\t<a href='https:\/\/schaffrath-haus.com\/?attachment_id=379'><img loading=\"lazy\" decoding=\"async\" width=\"150\" height=\"150\" src=\"https:\/\/schaffrath-haus.com\/wp-content\/uploads\/2014\/11\/DSC_4001-150x150.jpg\" class=\"attachment-thumbnail size-thumbnail\" alt=\"\" \/><\/a>\n\t\t\t<\/div><\/figure><figure class='gallery-item'>\n\t\t\t<div class='gallery-icon landscape'>\n\t\t\t\t<a href='https:\/\/schaffrath-haus.com\/?attachment_id=385'><img loading=\"lazy\" decoding=\"async\" width=\"150\" height=\"150\" src=\"https:\/\/schaffrath-haus.com\/wp-content\/uploads\/2014\/11\/DSC_4281-150x150.jpg\" class=\"attachment-thumbnail size-thumbnail\" alt=\"\" \/><\/a>\n\t\t\t<\/div><\/figure><figure class='gallery-item'>\n\t\t\t<div class='gallery-icon landscape'>\n\t\t\t\t<a href='https:\/\/schaffrath-haus.com\/?attachment_id=392'><img loading=\"lazy\" decoding=\"async\" width=\"150\" height=\"150\" src=\"https:\/\/schaffrath-haus.com\/wp-content\/uploads\/2014\/11\/DSC_4422-150x150.jpg\" class=\"attachment-thumbnail size-thumbnail\" alt=\"\" \/><\/a>\n\t\t\t<\/div><\/figure><figure class='gallery-item'>\n\t\t\t<div class='gallery-icon landscape'>\n\t\t\t\t<a href='https:\/\/schaffrath-haus.com\/?attachment_id=380'><img loading=\"lazy\" decoding=\"async\" width=\"150\" height=\"150\" src=\"https:\/\/schaffrath-haus.com\/wp-content\/uploads\/2014\/11\/DSC_4094-150x150.jpg\" class=\"attachment-thumbnail size-thumbnail\" alt=\"\" \/><\/a>\n\t\t\t<\/div><\/figure><figure class='gallery-item'>\n\t\t\t<div class='gallery-icon landscape'>\n\t\t\t\t<a href='https:\/\/schaffrath-haus.com\/?attachment_id=400'><img loading=\"lazy\" decoding=\"async\" width=\"150\" height=\"150\" src=\"https:\/\/schaffrath-haus.com\/wp-content\/uploads\/2014\/11\/DSC_4523-150x150.jpg\" class=\"attachment-thumbnail size-thumbnail\" alt=\"\" \/><\/a>\n\t\t\t<\/div><\/figure><figure class='gallery-item'>\n\t\t\t<div class='gallery-icon portrait'>\n\t\t\t\t<a href='https:\/\/schaffrath-haus.com\/?attachment_id=398'><img loading=\"lazy\" decoding=\"async\" width=\"150\" height=\"150\" src=\"https:\/\/schaffrath-haus.com\/wp-content\/uploads\/2014\/11\/DSC_4593-150x150.jpg\" class=\"attachment-thumbnail size-thumbnail\" alt=\"\" \/><\/a>\n\t\t\t<\/div><\/figure><figure class='gallery-item'>\n\t\t\t<div class='gallery-icon landscape'>\n\t\t\t\t<a href='https:\/\/schaffrath-haus.com\/?attachment_id=399'><img loading=\"lazy\" decoding=\"async\" width=\"150\" height=\"150\" src=\"https:\/\/schaffrath-haus.com\/wp-content\/uploads\/2014\/11\/DSC_4546-150x150.jpg\" class=\"attachment-thumbnail size-thumbnail\" alt=\"\" \/><\/a>\n\t\t\t<\/div><\/figure><figure class='gallery-item'>\n\t\t\t<div class='gallery-icon portrait'>\n\t\t\t\t<a href='https:\/\/schaffrath-haus.com\/?attachment_id=368'><img loading=\"lazy\" decoding=\"async\" width=\"150\" height=\"150\" src=\"https:\/\/schaffrath-haus.com\/wp-content\/uploads\/2014\/11\/Plakat-Fru\u0308hschoppen-150x150.jpg\" class=\"attachment-thumbnail size-thumbnail\" alt=\"\" \/><\/a>\n\t\t\t<\/div><\/figure>\n\t\t<\/div>\n\n","protected":false},"excerpt":{"rendered":"<p>\u00bbAuf e Bier mit d\u2019r Jung\u00ab Text:\u2008Marion\u2008Moretti \u00b7\u2008Fotos:\u2008Wilfried Sch\u00fcller Sie waren schnell vergriffen, die Karten zum kabarettistischen Fr\u00fch\u00adschoppen \u00bbAuf e Bier mit d`r Jung\u00ab. J\u00fcrgen Beckers alias J\u00fcrgen B. Hausmann hatte dazu in das Schaffrathhaus eingeladen, und wer l\u00e4sst sich da schon die Gelegenheit entgehen, in dieser be\u00adson\u00adde\u00adren Atmosph\u00e4re den Alsdorfer K\u00fcnstler hautnah zu erleben. &hellip; <a href=\"https:\/\/schaffrath-haus.com\/?p=375\" class=\"more-link\"><span class=\"screen-reader-text\">Ein kabarettistischer Fr\u00fchschoppen mit J\u00fcrgen B. Hausmann<\/span> weiterlesen <span class=\"meta-nav\">&rarr;<\/span><\/a><\/p>\n","protected":false},"author":1,"featured_media":0,"comment_status":"open","ping_status":"open","sticky":false,"template":"","format":"standard","meta":{"footnotes":""},"categories":[1],"tags":[],"class_list":["post-375","post","type-post","status-publish","format-standard","hentry","category-uncategorized"],"_links":{"self":[{"href":"https:\/\/schaffrath-haus.com\/index.php?rest_route=\/wp\/v2\/posts\/375"}],"collection":[{"href":"https:\/\/schaffrath-haus.com\/index.php?rest_route=\/wp\/v2\/posts"}],"about":[{"href":"https:\/\/schaffrath-haus.com\/index.php?rest_route=\/wp\/v2\/types\/post"}],"author":[{"embeddable":true,"href":"https:\/\/schaffrath-haus.com\/index.php?rest_route=\/wp\/v2\/users\/1"}],"replies":[{"embeddable":true,"href":"https:\/\/schaffrath-haus.com\/index.php?rest_route=%2Fwp%2Fv2%2Fcomments&post=375"}],"version-history":[{"count":4,"href":"https:\/\/schaffrath-haus.com\/index.php?rest_route=\/wp\/v2\/posts\/375\/revisions"}],"predecessor-version":[{"id":408,"href":"https:\/\/schaffrath-haus.com\/index.php?rest_route=\/wp\/v2\/posts\/375\/revisions\/408"}],"wp:attachment":[{"href":"https:\/\/schaffrath-haus.com\/index.php?rest_route=%2Fwp%2Fv2%2Fmedia&parent=375"}],"wp:term":[{"taxonomy":"category","embeddable":true,"href":"https:\/\/schaffrath-haus.com\/index.php?rest_route=%2Fwp%2Fv2%2Fcategories&post=375"},{"taxonomy":"post_tag","embeddable":true,"href":"https:\/\/schaffrath-haus.com\/index.php?rest_route=%2Fwp%2Fv2%2Ftags&post=375"}],"curies":[{"name":"wp","href":"https:\/\/api.w.org\/{rel}","templated":true}]}}