{"id":3593,"date":"2023-05-16T19:00:16","date_gmt":"2023-05-16T19:00:16","guid":{"rendered":"http:\/\/schaffrath-haus.com\/wp\/?p=3593"},"modified":"2023-05-18T07:06:15","modified_gmt":"2023-05-18T07:06:15","slug":"neu-unser-kunst-kulturkalender-fuer-2023-im-schaffrathhaus","status":"publish","type":"post","link":"https:\/\/schaffrath-haus.com\/?p=3593","title":{"rendered":"Neu: Unser Kunst &#038; Kulturkalender f\u00fcr 2023 im Schaffrathhaus"},"content":{"rendered":"<h3><span style=\"color: #008000;\">Wir sind wieder voll am Start!<\/span><\/h3>\n<p>F\u00fcr 2023 haben wir wieder einen Kunst &amp; Kultur Kalender erstellt damit Sie sehen k\u00f6nnen worauf Sie sich dieses Jahr in unserem Haus und Garten freuen d\u00fcrfen!<\/p>\n<p>Unser Programm ist wie immer sehr vielf\u00e4ltig.<br \/>\nOb Kunstausstellungen, Konzerte, Irischer Abend oder Kabarett&#8230; alles ist dabei.<br \/>\nNat\u00fcrlich verw\u00f6hnen wir Sie zu jeder Veranstaltung gerne mit leckeren H\u00e4ppchen und Getr\u00e4nken oder Kaffee &amp; Kuchen!<\/p>\n<p>Schm\u00f6kern Sie durch unseren neuen Flyer und freuen Sie sich auf wundersch\u00f6ne Stunden bei uns im Schaffrathhaus!<\/p>\n<p><strong>Wir freuen uns sehr auf Sie, Ihre Familie und Ihre Freunde!<br \/>\n<\/strong>Erz\u00e4hlen Sie auch Ihren Bekannten von uns!<\/p>\n<p>\u00dcbrigens: Wir freuen uns stets \u00fcber neue F\u00f6rdermitglieder denn durch Ihre F\u00f6rdermitgliedschaft helfen Sie uns auch weiterhin ein abwechslungsreiches Programm pr\u00e4sentieren zu k\u00f6nnen.<\/p>\n<p>Sie m\u00f6chten uns ehrenamtlich aktiv unterst\u00fctzen? Auch das ist m\u00f6glich! Kommen Sie zu einer unserer Veranstaltungen und sprechen Sie uns unverbindlich an.<\/p>\n<p>Kunst &amp; Kulturkalender 2023 als PDF zum herunterladen:<br \/>\n<a href=\"https:\/\/schaffrath-haus.com\/wp-content\/uploads\/2023\/05\/Kunst-Kultur-Kalender-2023-Schaffrathhaus.pdf\">Kunst &amp; Kultur, Kalender 2023 Schaffrathhaus<\/a><\/p>\n<p><a href=\"https:\/\/schaffrath-haus.com\/wp-content\/uploads\/2023\/05\/Kunst-Kulturkalender-2023-Schaffrathhaus-Seite-1-1.jpg\"><img loading=\"lazy\" decoding=\"async\" class=\"aligncenter wp-image-3594\" src=\"https:\/\/schaffrath-haus.com\/wp-content\/uploads\/2023\/05\/Kunst-Kulturkalender-2023-Schaffrathhaus-Seite-1-1-300x214.jpg\" alt=\"\" width=\"526\" height=\"375\" srcset=\"https:\/\/schaffrath-haus.com\/wp-content\/uploads\/2023\/05\/Kunst-Kulturkalender-2023-Schaffrathhaus-Seite-1-1-300x214.jpg 300w, https:\/\/schaffrath-haus.com\/wp-content\/uploads\/2023\/05\/Kunst-Kulturkalender-2023-Schaffrathhaus-Seite-1-1-768x547.jpg 768w, https:\/\/schaffrath-haus.com\/wp-content\/uploads\/2023\/05\/Kunst-Kulturkalender-2023-Schaffrathhaus-Seite-1-1-1024x729.jpg 1024w\" sizes=\"(max-width: 526px) 100vw, 526px\" \/><\/a> <a href=\"https:\/\/schaffrath-haus.com\/wp-content\/uploads\/2023\/05\/Kunst-Kulturkalender-2023-Schaffrathhaus-Seite-2.jpg\"><img loading=\"lazy\" decoding=\"async\" class=\"aligncenter wp-image-3595\" src=\"https:\/\/schaffrath-haus.com\/wp-content\/uploads\/2023\/05\/Kunst-Kulturkalender-2023-Schaffrathhaus-Seite-2-300x214.jpg\" alt=\"\" width=\"513\" height=\"366\" srcset=\"https:\/\/schaffrath-haus.com\/wp-content\/uploads\/2023\/05\/Kunst-Kulturkalender-2023-Schaffrathhaus-Seite-2-300x214.jpg 300w, https:\/\/schaffrath-haus.com\/wp-content\/uploads\/2023\/05\/Kunst-Kulturkalender-2023-Schaffrathhaus-Seite-2-768x547.jpg 768w, https:\/\/schaffrath-haus.com\/wp-content\/uploads\/2023\/05\/Kunst-Kulturkalender-2023-Schaffrathhaus-Seite-2-1024x730.jpg 1024w\" sizes=\"(max-width: 513px) 100vw, 513px\" \/><\/a><\/p>\n","protected":false},"excerpt":{"rendered":"<p>Wir sind wieder voll am Start! F\u00fcr 2023 haben wir wieder einen Kunst &amp; Kultur Kalender erstellt damit Sie sehen k\u00f6nnen worauf Sie sich dieses Jahr in unserem Haus und Garten freuen d\u00fcrfen! Unser Programm ist wie immer sehr vielf\u00e4ltig. Ob Kunstausstellungen, Konzerte, Irischer Abend oder Kabarett&#8230; alles ist dabei. Nat\u00fcrlich verw\u00f6hnen wir Sie zu &hellip; <a href=\"https:\/\/schaffrath-haus.com\/?p=3593\" class=\"more-link\"><span class=\"screen-reader-text\">Neu: Unser Kunst &#038; Kulturkalender f\u00fcr 2023 im Schaffrathhaus<\/span> weiterlesen <span class=\"meta-nav\">&rarr;<\/span><\/a><\/p>\n","protected":false},"author":1,"featured_media":0,"comment_status":"closed","ping_status":"closed","sticky":false,"template":"","format":"standard","meta":{"footnotes":""},"categories":[1],"tags":[],"class_list":["post-3593","post","type-post","status-publish","format-standard","hentry","category-uncategorized"],"_links":{"self":[{"href":"https:\/\/schaffrath-haus.com\/index.php?rest_route=\/wp\/v2\/posts\/3593"}],"collection":[{"href":"https:\/\/schaffrath-haus.com\/index.php?rest_route=\/wp\/v2\/posts"}],"about":[{"href":"https:\/\/schaffrath-haus.com\/index.php?rest_route=\/wp\/v2\/types\/post"}],"author":[{"embeddable":true,"href":"https:\/\/schaffrath-haus.com\/index.php?rest_route=\/wp\/v2\/users\/1"}],"replies":[{"embeddable":true,"href":"https:\/\/schaffrath-haus.com\/index.php?rest_route=%2Fwp%2Fv2%2Fcomments&post=3593"}],"version-history":[{"count":3,"href":"https:\/\/schaffrath-haus.com\/index.php?rest_route=\/wp\/v2\/posts\/3593\/revisions"}],"predecessor-version":[{"id":3614,"href":"https:\/\/schaffrath-haus.com\/index.php?rest_route=\/wp\/v2\/posts\/3593\/revisions\/3614"}],"wp:attachment":[{"href":"https:\/\/schaffrath-haus.com\/index.php?rest_route=%2Fwp%2Fv2%2Fmedia&parent=3593"}],"wp:term":[{"taxonomy":"category","embeddable":true,"href":"https:\/\/schaffrath-haus.com\/index.php?rest_route=%2Fwp%2Fv2%2Fcategories&post=3593"},{"taxonomy":"post_tag","embeddable":true,"href":"https:\/\/schaffrath-haus.com\/index.php?rest_route=%2Fwp%2Fv2%2Ftags&post=3593"}],"curies":[{"name":"wp","href":"https:\/\/api.w.org\/{rel}","templated":true}]}}