{"id":3409,"date":"2023-01-08T09:00:24","date_gmt":"2023-01-08T09:00:24","guid":{"rendered":"http:\/\/schaffrath-haus.com\/wp\/?p=3409"},"modified":"2023-05-11T17:12:25","modified_gmt":"2023-05-11T17:12:25","slug":"vorankuendigung-ausstellung-dieter-crumbiegel-reminiszenz","status":"publish","type":"post","link":"https:\/\/schaffrath-haus.com\/?p=3409","title":{"rendered":"Ausstellung Dieter Crumbiegel &#8211; Reminiszenz, ab 14.05.2023"},"content":{"rendered":"<h2 style=\"line-height: 115%; margin: 0cm 3.75pt .0001pt 0cm;\">Unsere n\u00e4chste Ausstellung:<\/h2>\n<p>&nbsp;<\/p>\n<h1 style=\"line-height: 115%; margin: 0cm 3.75pt .0001pt 0cm;\"><span style=\"color: #008000;\">Dieter Crumbiegel<\/span><\/h1>\n<h2><span style=\"color: #008000;\">&#8211; REMINISZENZ &#8211; Malerei &#8211;<br \/>\n<\/span><\/h2>\n<p>&nbsp;<\/p>\n<p><a href=\"https:\/\/schaffrath-haus.com\/wp-content\/uploads\/2023\/01\/Einladung-Dieter-Crumbiegel-Web.jpg\"><img loading=\"lazy\" decoding=\"async\" class=\"wp-image-3476 alignleft\" src=\"https:\/\/schaffrath-haus.com\/wp-content\/uploads\/2023\/01\/Einladung-Dieter-Crumbiegel-Web-212x300.jpg\" alt=\"\" width=\"336\" height=\"475\" srcset=\"https:\/\/schaffrath-haus.com\/wp-content\/uploads\/2023\/01\/Einladung-Dieter-Crumbiegel-Web-212x300.jpg 212w, https:\/\/schaffrath-haus.com\/wp-content\/uploads\/2023\/01\/Einladung-Dieter-Crumbiegel-Web-768x1087.jpg 768w, https:\/\/schaffrath-haus.com\/wp-content\/uploads\/2023\/01\/Einladung-Dieter-Crumbiegel-Web-724x1024.jpg 724w\" sizes=\"(max-width: 336px) 100vw, 336px\" \/><\/a><\/p>\n<h2 style=\"line-height: 115%; margin: 0cm 3.75pt .0001pt 0cm;\"><\/h2>\n<p><strong>Vernissage:<\/strong> 14.05.2023, 11:30 Uhr, bis 15:00 Uhr<br \/>\n<strong>Begr\u00fc\u00dfung:<\/strong> Friedhelm Kr\u00e4mer, Stellv. B\u00fcrgermeister, Stadt Alsdorf<br \/>\n<strong>Einf\u00fchrung:<\/strong> Alexandra Simon-T\u00f6nges<\/p>\n<p><strong>Ausstellungsdauer:<\/strong> 14.05.2023 bis 29.05.2023<\/p>\n<p><strong>\u00d6ffnungszeiten:<\/strong><br \/>\nSamstag, 20.05.2023, 16:00 &#8211; 18:00 Uhr<br \/>\nSonntag, 21.05.2023, 14:00 &#8211; 18:00 Uhr<br \/>\nSamstag, 27.05.2023, 16:00 &#8211; 18:00 Uhr<br \/>\nSonntag, 28.05.2023, 14:00 &#8211; 18:00 Uhr<br \/>\nMontag, 29.05.2023, 14:00 &#8211; 18:00 Uhr (Feiertag)<\/p>\n<p>++Der K\u00fcnstler ist an allen \u00d6ffnungstagen anwesend++<\/p>\n<p><a href=\"https:\/\/schaffrath-haus.com\/wp-content\/uploads\/2023\/01\/Dieter-Crumbiegel.jpg\"><img loading=\"lazy\" decoding=\"async\" class=\"wp-image-3411 alignnone\" src=\"https:\/\/schaffrath-haus.com\/wp-content\/uploads\/2023\/01\/Dieter-Crumbiegel-208x300.jpg\" alt=\"\" width=\"249\" height=\"359\" srcset=\"https:\/\/schaffrath-haus.com\/wp-content\/uploads\/2023\/01\/Dieter-Crumbiegel-208x300.jpg 208w, https:\/\/schaffrath-haus.com\/wp-content\/uploads\/2023\/01\/Dieter-Crumbiegel-768x1107.jpg 768w, https:\/\/schaffrath-haus.com\/wp-content\/uploads\/2023\/01\/Dieter-Crumbiegel-710x1024.jpg 710w\" sizes=\"(max-width: 249px) 100vw, 249px\" \/><\/a><\/p>\n<h2 style=\"line-height: 115%; margin: 0cm 3.75pt .0001pt 0cm;\"><\/h2>\n<p>Crumbiegel widmet sich ausschlie\u00dflich der abstrakten Malerei, seine Kunst besitzt eine au\u00dfergew\u00f6hnliche bildnerische Intelligenz, verf\u00fcgt \u00fcber ein ausgepr\u00e4gtes Empfinden f\u00fcr Farbe sowie Form. Bewusst und unbewusst ordnet er ihnen tiefere Bedeutung und Assoziationen zu, stellt sie in Gegensatzpaaren gegen\u00fcber.<\/p>\n<p>Das Sehen der Bilder, Linien, Fl\u00e4chen l\u00e4sst den Betrachter die Raumtiefe erfahren. Die Realit\u00e4t seiner Bilder besteht aus Farbe, Form \u2013 Material und Schichtungen.<\/p>\n<p>Ein &#8222;abstraktes Bild&#8220; bildet nichts ab, leitet sich also von nichts Realem ab, sondern bildet selbst eine neue, nicht mehr hinterfragbare Realit\u00e4t. Es handelt sich also um ein &#8222;konkretes&#8220; Bild, seine Information ist nicht verbal \u2013 so die Maxime des Malers zu seiner Kunst.<\/p>\n<h6><a href=\"https:\/\/schaffrath-haus.com\/wp-content\/uploads\/2023\/01\/Foto-copyright-dieter-petrowitsch.jpg\"><img loading=\"lazy\" decoding=\"async\" class=\"size-medium wp-image-3472 alignnone\" src=\"https:\/\/schaffrath-haus.com\/wp-content\/uploads\/2023\/01\/Foto-copyright-dieter-petrowitsch-224x300.jpg\" alt=\"\" width=\"224\" height=\"300\" srcset=\"https:\/\/schaffrath-haus.com\/wp-content\/uploads\/2023\/01\/Foto-copyright-dieter-petrowitsch-224x300.jpg 224w, https:\/\/schaffrath-haus.com\/wp-content\/uploads\/2023\/01\/Foto-copyright-dieter-petrowitsch-768x1031.jpg 768w, https:\/\/schaffrath-haus.com\/wp-content\/uploads\/2023\/01\/Foto-copyright-dieter-petrowitsch-763x1024.jpg 763w\" sizes=\"(max-width: 224px) 100vw, 224px\" \/><\/a><\/h6>\n<h4 style=\"line-height: 115%; margin: 0cm 3.75pt .0001pt 0cm;\"><strong><span style=\"font-size: 10.0pt; line-height: 115%; font-family: 'Calibri','sans-serif'; color: black; font-weight: normal;\">Fotocopyright: Dieter Petrowitsch<\/span><\/strong><\/h4>\n<p style=\"line-height: 115%; margin: 0cm 3.75pt .0001pt 0cm;\"><span style=\"font-size: 10pt;\"><strong><span style=\"line-height: 115%; font-family: monaco; color: black;\">\u00a0<\/span><\/strong><\/span><\/p>\n<p style=\"line-height: 115%; margin: 0cm 3.75pt .0001pt 0cm;\"><strong><span style=\"font-size: 10.0pt; line-height: 115%; font-family: 'Calibri','sans-serif'; color: black;\">\u00a0<\/span><\/strong><\/p>\n","protected":false},"excerpt":{"rendered":"<p>Unsere n\u00e4chste Ausstellung: &nbsp; Dieter Crumbiegel &#8211; REMINISZENZ &#8211; Malerei &#8211; &nbsp; Vernissage: 14.05.2023, 11:30 Uhr, bis 15:00 Uhr Begr\u00fc\u00dfung: Friedhelm Kr\u00e4mer, Stellv. B\u00fcrgermeister, Stadt Alsdorf Einf\u00fchrung: Alexandra Simon-T\u00f6nges Ausstellungsdauer: 14.05.2023 bis 29.05.2023 \u00d6ffnungszeiten: Samstag, 20.05.2023, 16:00 &#8211; 18:00 Uhr Sonntag, 21.05.2023, 14:00 &#8211; 18:00 Uhr Samstag, 27.05.2023, 16:00 &#8211; 18:00 Uhr Sonntag, 28.05.2023, 14:00 &hellip; <a href=\"https:\/\/schaffrath-haus.com\/?p=3409\" class=\"more-link\"><span class=\"screen-reader-text\">Ausstellung Dieter Crumbiegel &#8211; Reminiszenz, ab 14.05.2023<\/span> weiterlesen <span class=\"meta-nav\">&rarr;<\/span><\/a><\/p>\n","protected":false},"author":1,"featured_media":0,"comment_status":"closed","ping_status":"closed","sticky":false,"template":"","format":"standard","meta":{"footnotes":""},"categories":[1],"tags":[],"class_list":["post-3409","post","type-post","status-publish","format-standard","hentry","category-uncategorized"],"_links":{"self":[{"href":"https:\/\/schaffrath-haus.com\/index.php?rest_route=\/wp\/v2\/posts\/3409"}],"collection":[{"href":"https:\/\/schaffrath-haus.com\/index.php?rest_route=\/wp\/v2\/posts"}],"about":[{"href":"https:\/\/schaffrath-haus.com\/index.php?rest_route=\/wp\/v2\/types\/post"}],"author":[{"embeddable":true,"href":"https:\/\/schaffrath-haus.com\/index.php?rest_route=\/wp\/v2\/users\/1"}],"replies":[{"embeddable":true,"href":"https:\/\/schaffrath-haus.com\/index.php?rest_route=%2Fwp%2Fv2%2Fcomments&post=3409"}],"version-history":[{"count":20,"href":"https:\/\/schaffrath-haus.com\/index.php?rest_route=\/wp\/v2\/posts\/3409\/revisions"}],"predecessor-version":[{"id":3536,"href":"https:\/\/schaffrath-haus.com\/index.php?rest_route=\/wp\/v2\/posts\/3409\/revisions\/3536"}],"wp:attachment":[{"href":"https:\/\/schaffrath-haus.com\/index.php?rest_route=%2Fwp%2Fv2%2Fmedia&parent=3409"}],"wp:term":[{"taxonomy":"category","embeddable":true,"href":"https:\/\/schaffrath-haus.com\/index.php?rest_route=%2Fwp%2Fv2%2Fcategories&post=3409"},{"taxonomy":"post_tag","embeddable":true,"href":"https:\/\/schaffrath-haus.com\/index.php?rest_route=%2Fwp%2Fv2%2Ftags&post=3409"}],"curies":[{"name":"wp","href":"https:\/\/api.w.org\/{rel}","templated":true}]}}