{"id":3286,"date":"2022-09-25T08:02:02","date_gmt":"2022-09-25T08:02:02","guid":{"rendered":"http:\/\/schaffrath-haus.com\/wp\/?p=3286"},"modified":"2022-09-25T08:09:08","modified_gmt":"2022-09-25T08:09:08","slug":"ausstellung-viktor-stricker-ereignisse-auf-der-leinwand-ab-23-10-2022","status":"publish","type":"post","link":"https:\/\/schaffrath-haus.com\/?p=3286","title":{"rendered":"Ausstellung Viktor Stricker &#8211; Ereignisse auf der Leinwand &#8211; ab 23.10.2022"},"content":{"rendered":"<h3><strong>N\u00e4chste Ausstellung:<\/strong><\/h3>\n<p>&nbsp;<\/p>\n<p><a href=\"https:\/\/schaffrath-haus.com\/wp-content\/uploads\/2022\/09\/Viktor-Stricker-04-1.jpg\"><img loading=\"lazy\" decoding=\"async\" class=\"aligncenter wp-image-3293\" src=\"https:\/\/schaffrath-haus.com\/wp-content\/uploads\/2022\/09\/Viktor-Stricker-04-1-300x157.jpg\" alt=\"\" width=\"520\" height=\"272\" srcset=\"https:\/\/schaffrath-haus.com\/wp-content\/uploads\/2022\/09\/Viktor-Stricker-04-1-300x157.jpg 300w, https:\/\/schaffrath-haus.com\/wp-content\/uploads\/2022\/09\/Viktor-Stricker-04-1-768x402.jpg 768w, https:\/\/schaffrath-haus.com\/wp-content\/uploads\/2022\/09\/Viktor-Stricker-04-1-1024x537.jpg 1024w\" sizes=\"(max-width: 520px) 100vw, 520px\" \/><\/a><\/p>\n<h1><span style=\"color: #008000;\">Viktor Stricker<\/span><\/h1>\n<h1><span style=\"color: #008000;\">Ereignisse auf der Leinwand &#8211; Figurativ. Abstrakt.<br \/>\n<\/span><\/h1>\n<p><strong>Vernissage:<\/strong> 23.10.2022, 11:30 Uhr<br \/>\n<strong>Begr\u00fc\u00dfung:<\/strong> Friedhelm Kr\u00e4mer, Stellv. B\u00fcrgermeister, Stadt Alsdorf<br \/>\n<strong>Einf\u00fchrung:<\/strong> Dr. Dirk T\u00f6lke<\/p>\n<p><strong>Ausstellungsdauer:<\/strong> 23.10.2022 bis 06.11.2022<\/p>\n<p><strong>\u00d6ffnungszeiten:<\/strong><br \/>\nSamstag, 29.10.2022, 16:00 &#8211; 18:00 Uhr<br \/>\nSonntag, 30.10.2022, 14:00 &#8211; 18:00 Uhr<br \/>\nSamstag, 05.11.2022, 16:00 &#8211; 18:00 Uhr<br \/>\nSonntag, 06.11.2022, 14:00 &#8211; 18:00 Uhr<\/p>\n<p>&gt;Der K\u00fcnstler ist an allen \u00d6ffnungstagen anwesend<\/p>\n<p><a href=\"https:\/\/schaffrath-haus.com\/wp-content\/uploads\/2022\/09\/Viktor-Stricker-05-1.jpg\"><img loading=\"lazy\" decoding=\"async\" class=\"aligncenter wp-image-3295\" src=\"https:\/\/schaffrath-haus.com\/wp-content\/uploads\/2022\/09\/Viktor-Stricker-05-1-300x157.jpg\" alt=\"\" width=\"533\" height=\"279\" srcset=\"https:\/\/schaffrath-haus.com\/wp-content\/uploads\/2022\/09\/Viktor-Stricker-05-1-300x157.jpg 300w, https:\/\/schaffrath-haus.com\/wp-content\/uploads\/2022\/09\/Viktor-Stricker-05-1-768x401.jpg 768w, https:\/\/schaffrath-haus.com\/wp-content\/uploads\/2022\/09\/Viktor-Stricker-05-1-1024x535.jpg 1024w\" sizes=\"(max-width: 533px) 100vw, 533px\" \/><\/a><\/p>\n<p><a href=\"https:\/\/schaffrath-haus.com\/wp-content\/uploads\/2022\/09\/Viktor-Stricker-05-Kopie.jpg\"><img loading=\"lazy\" decoding=\"async\" class=\"aligncenter wp-image-3294\" src=\"https:\/\/schaffrath-haus.com\/wp-content\/uploads\/2022\/09\/Viktor-Stricker-05-Kopie-300x157.jpg\" alt=\"\" width=\"539\" height=\"282\" srcset=\"https:\/\/schaffrath-haus.com\/wp-content\/uploads\/2022\/09\/Viktor-Stricker-05-Kopie-300x157.jpg 300w, https:\/\/schaffrath-haus.com\/wp-content\/uploads\/2022\/09\/Viktor-Stricker-05-Kopie-768x402.jpg 768w, https:\/\/schaffrath-haus.com\/wp-content\/uploads\/2022\/09\/Viktor-Stricker-05-Kopie-1024x535.jpg 1024w\" sizes=\"(max-width: 539px) 100vw, 539px\" \/><\/a><\/p>\n<p><a href=\"https:\/\/schaffrath-haus.com\/wp-content\/uploads\/2022\/09\/Viktor-Stricker-04-Kopie.jpg\"><img loading=\"lazy\" decoding=\"async\" class=\"aligncenter wp-image-3292\" src=\"https:\/\/schaffrath-haus.com\/wp-content\/uploads\/2022\/09\/Viktor-Stricker-04-Kopie-300x154.jpg\" alt=\"\" width=\"495\" height=\"254\" srcset=\"https:\/\/schaffrath-haus.com\/wp-content\/uploads\/2022\/09\/Viktor-Stricker-04-Kopie-300x154.jpg 300w, https:\/\/schaffrath-haus.com\/wp-content\/uploads\/2022\/09\/Viktor-Stricker-04-Kopie-768x395.jpg 768w, https:\/\/schaffrath-haus.com\/wp-content\/uploads\/2022\/09\/Viktor-Stricker-04-Kopie-1024x526.jpg 1024w\" sizes=\"(max-width: 495px) 100vw, 495px\" \/><\/a><\/p>\n<p><strong>\u00dcber Viktor Stricker:<\/strong><\/p>\n<p>Das Kunstwerk des Malers Viktor Stricker vereint seit mehr als vierzig Jahren auf organische Weise die figurativen und abstrakten Richtungen der Malerei.<\/p>\n<p>Die ausgestellte figurative Reihe der Malereiarbeiten ist \u00fcberwiegend in den letzten zwei Jahren entstanden. Die Faszination dieser Arbeiten liegt in der Reflektion der \u201eEreignisse\u201c der Kunstgeschichte, der Verg\u00e4nglichkeit der Zeit und in gegenw\u00e4rtigen Beobachtungen des K\u00fcnstlers.<\/p>\n<p>Er verdeutlicht das, indem er einen Ausschnitt einer Arbeit eines ber\u00fchmten K\u00fcnstlers der Vergangenheit einem Fragment der Gegenwart gegen\u00fcberstellt und so eine Verbindung zwischen beiden schafft, um den Fluss der Zeit darzustellen. Das ist es, was der K\u00fcnstler als \u201eEreignisse\u201c auf der Leinwand bezeichnet.<\/p>\n<p>Auch die Vielfalt menschlicher Individuen ist ein Thema seiner figurativen Arbeiten. Inspirationen f\u00fcr abstrakte Arbeiten sch\u00f6pft der K\u00fcnstler \u00fcberwiegend aus immer wieder faszinierenden, landschaftlichen \u201eEreignissen\u201c der Natur. Seine kleinen und gr\u00f6\u00dferen abstrakten Kompositionen, mit oft erkennbarem Ursprung der Motive, sind unverwechselbar und von feinem Farbempfinden und Kolorit gepr\u00e4gt.<\/p>\n<p>Der K\u00fcnstler arbeitet in \u00d6l und Acryl auf Leinwand und in Gouache auf Papier.<\/p>\n","protected":false},"excerpt":{"rendered":"<p>N\u00e4chste Ausstellung: &nbsp; Viktor Stricker Ereignisse auf der Leinwand &#8211; Figurativ. Abstrakt. Vernissage: 23.10.2022, 11:30 Uhr Begr\u00fc\u00dfung: Friedhelm Kr\u00e4mer, Stellv. B\u00fcrgermeister, Stadt Alsdorf Einf\u00fchrung: Dr. Dirk T\u00f6lke Ausstellungsdauer: 23.10.2022 bis 06.11.2022 \u00d6ffnungszeiten: Samstag, 29.10.2022, 16:00 &#8211; 18:00 Uhr Sonntag, 30.10.2022, 14:00 &#8211; 18:00 Uhr Samstag, 05.11.2022, 16:00 &#8211; 18:00 Uhr Sonntag, 06.11.2022, 14:00 &#8211; 18:00 &hellip; <a href=\"https:\/\/schaffrath-haus.com\/?p=3286\" class=\"more-link\"><span class=\"screen-reader-text\">Ausstellung Viktor Stricker &#8211; Ereignisse auf der Leinwand &#8211; ab 23.10.2022<\/span> weiterlesen <span class=\"meta-nav\">&rarr;<\/span><\/a><\/p>\n","protected":false},"author":1,"featured_media":0,"comment_status":"closed","ping_status":"closed","sticky":false,"template":"","format":"standard","meta":{"footnotes":""},"categories":[1],"tags":[],"class_list":["post-3286","post","type-post","status-publish","format-standard","hentry","category-uncategorized"],"_links":{"self":[{"href":"https:\/\/schaffrath-haus.com\/index.php?rest_route=\/wp\/v2\/posts\/3286"}],"collection":[{"href":"https:\/\/schaffrath-haus.com\/index.php?rest_route=\/wp\/v2\/posts"}],"about":[{"href":"https:\/\/schaffrath-haus.com\/index.php?rest_route=\/wp\/v2\/types\/post"}],"author":[{"embeddable":true,"href":"https:\/\/schaffrath-haus.com\/index.php?rest_route=\/wp\/v2\/users\/1"}],"replies":[{"embeddable":true,"href":"https:\/\/schaffrath-haus.com\/index.php?rest_route=%2Fwp%2Fv2%2Fcomments&post=3286"}],"version-history":[{"count":6,"href":"https:\/\/schaffrath-haus.com\/index.php?rest_route=\/wp\/v2\/posts\/3286\/revisions"}],"predecessor-version":[{"id":3301,"href":"https:\/\/schaffrath-haus.com\/index.php?rest_route=\/wp\/v2\/posts\/3286\/revisions\/3301"}],"wp:attachment":[{"href":"https:\/\/schaffrath-haus.com\/index.php?rest_route=%2Fwp%2Fv2%2Fmedia&parent=3286"}],"wp:term":[{"taxonomy":"category","embeddable":true,"href":"https:\/\/schaffrath-haus.com\/index.php?rest_route=%2Fwp%2Fv2%2Fcategories&post=3286"},{"taxonomy":"post_tag","embeddable":true,"href":"https:\/\/schaffrath-haus.com\/index.php?rest_route=%2Fwp%2Fv2%2Ftags&post=3286"}],"curies":[{"name":"wp","href":"https:\/\/api.w.org\/{rel}","templated":true}]}}