{"id":3016,"date":"2021-10-27T19:59:14","date_gmt":"2021-10-27T19:59:14","guid":{"rendered":"http:\/\/schaffrath-haus.com\/wp\/?p=3016"},"modified":"2021-11-14T09:42:27","modified_gmt":"2021-11-14T09:42:27","slug":"ausstellung-franz-josef-kochs-kurznachsieben-eroeffnung-am-21-11-2021","status":"publish","type":"post","link":"https:\/\/schaffrath-haus.com\/?p=3016","title":{"rendered":"Ausstellung: Franz-Josef Kochs &#8211; kurznachsieben- Er\u00f6ffnung am 21.11.2021"},"content":{"rendered":"<h5>Wir freuen uns sehr, die 2. Ausstellung dieses Jahr in unseren R\u00e4umen pr\u00e4sentieren zu k\u00f6nnen und laden herzlich ein zur Ausstellung von:<\/h5>\n<h2><span style=\"color: #008000;\">Franz-Josef Kochs <\/span><\/h2>\n<h4><span style=\"color: #008000;\">-kurznachsieben- gekritzelkrakelt und geschnitten<br \/>\n<\/span><\/h4>\n<h5>Ausstellungsdauer: 21. November &#8211; 05. Dezember 2021<\/h5>\n<p><span style=\"color: #ff0000;\">HINWEIS: Es gelten an allen Tagen die 2G-Regeln, auch wenn auf der Einladung 3G steht! Im Haus muss eine Maske getragen werden!<br \/>\n<\/span><\/p>\n<h6>Vernissage:<\/h6>\n<p>Sonntag, 21.11.2021 um 11.30 &#8211; ge\u00f6ffnet bis 14.30 Uhr<\/p>\n<h6>Begr\u00fc\u00dfung:<\/h6>\n<p>Friedhelm Kr\u00e4mer, 1. Stellv. B\u00fcrgermeister der Stadt Alsdorf<\/p>\n<p>Ulla Schaffrath-Busch, Schaffrathhaus<\/p>\n<h6>Einf\u00fchrung:<\/h6>\n<p>Kunsthistoriker Dr. Dirk T\u00f6lke<\/p>\n<h6>\u00d6ffnungszeiten:<\/h6>\n<p>Der K\u00fcnstler ist\u00a0 anwesend<\/p>\n<p>Samstag 27.11.2021, 16-18 Uhr<br \/>\nSonntag 28.11.2021, 14-18 Uhr<br \/>\nSamstag 04.12.2021, 16-18 Uhr<br \/>\nSonntag 05.12.2021, 14-18 Uhr<\/p>\n<p><a href=\"https:\/\/schaffrath-haus.com\/wp-content\/uploads\/2021\/10\/Einladung-FJK-kurznachsieben.jpg\"><img loading=\"lazy\" decoding=\"async\" class=\"aligncenter wp-image-3020\" src=\"https:\/\/schaffrath-haus.com\/wp-content\/uploads\/2021\/10\/Einladung-FJK-kurznachsieben-231x300.jpg\" alt=\"\" width=\"536\" height=\"697\" srcset=\"https:\/\/schaffrath-haus.com\/wp-content\/uploads\/2021\/10\/Einladung-FJK-kurznachsieben-231x300.jpg 231w, https:\/\/schaffrath-haus.com\/wp-content\/uploads\/2021\/10\/Einladung-FJK-kurznachsieben-768x997.jpg 768w, https:\/\/schaffrath-haus.com\/wp-content\/uploads\/2021\/10\/Einladung-FJK-kurznachsieben-789x1024.jpg 789w\" sizes=\"(max-width: 536px) 100vw, 536px\" \/><\/a><\/p>\n<p><strong>Statement des K\u00fcnstlers zu Ausstellung:<\/strong><\/p>\n<p>&#8222;Die Ausstellung soll ein kleiner R\u00fcckblick sein &#8211; und ein Wiedersehen mit dem, was ich im Laufe der Jahre so fabriziert habe\u2026 und was den Besuchern hoffentlich auch etwas Freude bereiten mag. All meine Bilder erz\u00e4hlen Geschichten und bed\u00fcrfen zumeist wohl keiner Erkl\u00e4rung. Und wenn der Betrachter an die Schiebetheater und Bilderb\u00f6gen der Kindheit erinnert wird, so liegt er nicht falsch.&#8220;<\/p>\n<p>&nbsp;<\/p>\n","protected":false},"excerpt":{"rendered":"<p>Wir freuen uns sehr, die 2. Ausstellung dieses Jahr in unseren R\u00e4umen pr\u00e4sentieren zu k\u00f6nnen und laden herzlich ein zur Ausstellung von: Franz-Josef Kochs -kurznachsieben- gekritzelkrakelt und geschnitten Ausstellungsdauer: 21. November &#8211; 05. Dezember 2021 HINWEIS: Es gelten an allen Tagen die 2G-Regeln, auch wenn auf der Einladung 3G steht! Im Haus muss eine Maske &hellip; <a href=\"https:\/\/schaffrath-haus.com\/?p=3016\" class=\"more-link\"><span class=\"screen-reader-text\">Ausstellung: Franz-Josef Kochs &#8211; kurznachsieben- Er\u00f6ffnung am 21.11.2021<\/span> weiterlesen <span class=\"meta-nav\">&rarr;<\/span><\/a><\/p>\n","protected":false},"author":1,"featured_media":0,"comment_status":"closed","ping_status":"closed","sticky":false,"template":"","format":"standard","meta":{"footnotes":""},"categories":[1],"tags":[],"class_list":["post-3016","post","type-post","status-publish","format-standard","hentry","category-uncategorized"],"_links":{"self":[{"href":"https:\/\/schaffrath-haus.com\/index.php?rest_route=\/wp\/v2\/posts\/3016"}],"collection":[{"href":"https:\/\/schaffrath-haus.com\/index.php?rest_route=\/wp\/v2\/posts"}],"about":[{"href":"https:\/\/schaffrath-haus.com\/index.php?rest_route=\/wp\/v2\/types\/post"}],"author":[{"embeddable":true,"href":"https:\/\/schaffrath-haus.com\/index.php?rest_route=\/wp\/v2\/users\/1"}],"replies":[{"embeddable":true,"href":"https:\/\/schaffrath-haus.com\/index.php?rest_route=%2Fwp%2Fv2%2Fcomments&post=3016"}],"version-history":[{"count":10,"href":"https:\/\/schaffrath-haus.com\/index.php?rest_route=\/wp\/v2\/posts\/3016\/revisions"}],"predecessor-version":[{"id":3031,"href":"https:\/\/schaffrath-haus.com\/index.php?rest_route=\/wp\/v2\/posts\/3016\/revisions\/3031"}],"wp:attachment":[{"href":"https:\/\/schaffrath-haus.com\/index.php?rest_route=%2Fwp%2Fv2%2Fmedia&parent=3016"}],"wp:term":[{"taxonomy":"category","embeddable":true,"href":"https:\/\/schaffrath-haus.com\/index.php?rest_route=%2Fwp%2Fv2%2Fcategories&post=3016"},{"taxonomy":"post_tag","embeddable":true,"href":"https:\/\/schaffrath-haus.com\/index.php?rest_route=%2Fwp%2Fv2%2Ftags&post=3016"}],"curies":[{"name":"wp","href":"https:\/\/api.w.org\/{rel}","templated":true}]}}