{"id":2984,"date":"2021-08-29T17:05:24","date_gmt":"2021-08-29T17:05:24","guid":{"rendered":"http:\/\/schaffrath-haus.com\/wp\/?p=2984"},"modified":"2021-08-29T17:15:59","modified_gmt":"2021-08-29T17:15:59","slug":"ueber-wilfried-schueller-ausstellung-ab-5-september-2021","status":"publish","type":"post","link":"https:\/\/schaffrath-haus.com\/?p=2984","title":{"rendered":"PRESSE \u00fcber Wilfried Sch\u00fcller\u00b4s Ausstellung ab 5. September 2021"},"content":{"rendered":"<h4><span style=\"color: #339966;\">FRISCH IN DER PRESSE:<\/span><\/h4>\n<p>Aachener Zeitung und Aachener Nachrichten am 28. August, \u00fcber Wilfried Sch\u00fcller und seine kommende Ausstellung in unseren R\u00e4umen.<\/p>\n<p>Die Vernissage der Ausstellung ist am 5. September 2021 nat\u00fcrlich um 11:30 Uhr und nicht wie es im INFO-Kasten des Artikels steht&#8230;\u00a0 \u00a0 Ge\u00f6ffnet ist an diesem Tag bis 15:00 Uhr&#8230;<\/p>\n<p>Wir freuen uns auf Euren Besuch.<\/p>\n<p><a href=\"https:\/\/schaffrath-haus.com\/wp-content\/uploads\/2021\/08\/AN-AZ-28.8.2021-0422.jpg\"><img loading=\"lazy\" decoding=\"async\" class=\"aligncenter wp-image-2985\" src=\"https:\/\/schaffrath-haus.com\/wp-content\/uploads\/2021\/08\/AN-AZ-28.8.2021-0422-300x205.jpg\" alt=\"\" width=\"524\" height=\"358\" srcset=\"https:\/\/schaffrath-haus.com\/wp-content\/uploads\/2021\/08\/AN-AZ-28.8.2021-0422-300x205.jpg 300w, https:\/\/schaffrath-haus.com\/wp-content\/uploads\/2021\/08\/AN-AZ-28.8.2021-0422-768x524.jpg 768w, https:\/\/schaffrath-haus.com\/wp-content\/uploads\/2021\/08\/AN-AZ-28.8.2021-0422-1024x699.jpg 1024w\" sizes=\"(max-width: 524px) 100vw, 524px\" \/><\/a><a href=\"https:\/\/schaffrath-haus.com\/wp-content\/uploads\/2021\/07\/Wilfried-1.jpg\"><img loading=\"lazy\" decoding=\"async\" class=\"aligncenter wp-image-2943\" src=\"https:\/\/schaffrath-haus.com\/wp-content\/uploads\/2021\/07\/Wilfried-1-300x150.jpg\" alt=\"\" width=\"532\" height=\"266\" srcset=\"https:\/\/schaffrath-haus.com\/wp-content\/uploads\/2021\/07\/Wilfried-1-300x150.jpg 300w, https:\/\/schaffrath-haus.com\/wp-content\/uploads\/2021\/07\/Wilfried-1-768x384.jpg 768w, https:\/\/schaffrath-haus.com\/wp-content\/uploads\/2021\/07\/Wilfried-1-1024x512.jpg 1024w, https:\/\/schaffrath-haus.com\/wp-content\/uploads\/2021\/07\/Wilfried-1.jpg 1804w\" sizes=\"(max-width: 532px) 100vw, 532px\" \/><\/a><br \/>\n<a href=\"https:\/\/schaffrath-haus.com\/wp-content\/uploads\/2021\/07\/Wilfried-3.jpg\"><img loading=\"lazy\" decoding=\"async\" class=\"aligncenter wp-image-2945\" src=\"https:\/\/schaffrath-haus.com\/wp-content\/uploads\/2021\/07\/Wilfried-3-300x149.jpg\" alt=\"\" width=\"584\" height=\"290\" srcset=\"https:\/\/schaffrath-haus.com\/wp-content\/uploads\/2021\/07\/Wilfried-3-300x149.jpg 300w, https:\/\/schaffrath-haus.com\/wp-content\/uploads\/2021\/07\/Wilfried-3-768x380.jpg 768w, https:\/\/schaffrath-haus.com\/wp-content\/uploads\/2021\/07\/Wilfried-3-1024x507.jpg 1024w, https:\/\/schaffrath-haus.com\/wp-content\/uploads\/2021\/07\/Wilfried-3.jpg 1823w\" sizes=\"(max-width: 584px) 100vw, 584px\" \/><\/a><a href=\"https:\/\/schaffrath-haus.com\/wp-content\/uploads\/2021\/07\/Wilfried-2.jpg\"><img loading=\"lazy\" decoding=\"async\" class=\"aligncenter wp-image-2944\" src=\"https:\/\/schaffrath-haus.com\/wp-content\/uploads\/2021\/07\/Wilfried-2-300x149.jpg\" alt=\"\" width=\"630\" height=\"313\" srcset=\"https:\/\/schaffrath-haus.com\/wp-content\/uploads\/2021\/07\/Wilfried-2-300x149.jpg 300w, https:\/\/schaffrath-haus.com\/wp-content\/uploads\/2021\/07\/Wilfried-2-768x383.jpg 768w, https:\/\/schaffrath-haus.com\/wp-content\/uploads\/2021\/07\/Wilfried-2-1024x510.jpg 1024w, https:\/\/schaffrath-haus.com\/wp-content\/uploads\/2021\/07\/Wilfried-2.jpg 1815w\" sizes=\"(max-width: 630px) 100vw, 630px\" \/><\/a><a href=\"https:\/\/schaffrath-haus.com\/wp-content\/uploads\/2021\/07\/Wilfried-4.jpg\"><img loading=\"lazy\" decoding=\"async\" class=\"aligncenter wp-image-2946\" src=\"https:\/\/schaffrath-haus.com\/wp-content\/uploads\/2021\/07\/Wilfried-4-300x150.jpg\" alt=\"\" width=\"600\" height=\"300\" srcset=\"https:\/\/schaffrath-haus.com\/wp-content\/uploads\/2021\/07\/Wilfried-4-300x150.jpg 300w, https:\/\/schaffrath-haus.com\/wp-content\/uploads\/2021\/07\/Wilfried-4-768x385.jpg 768w, https:\/\/schaffrath-haus.com\/wp-content\/uploads\/2021\/07\/Wilfried-4-1024x514.jpg 1024w, https:\/\/schaffrath-haus.com\/wp-content\/uploads\/2021\/07\/Wilfried-4.jpg 1802w\" sizes=\"(max-width: 600px) 100vw, 600px\" \/><\/a><\/p>\n","protected":false},"excerpt":{"rendered":"<p>FRISCH IN DER PRESSE: Aachener Zeitung und Aachener Nachrichten am 28. August, \u00fcber Wilfried Sch\u00fcller und seine kommende Ausstellung in unseren R\u00e4umen. Die Vernissage der Ausstellung ist am 5. September 2021 nat\u00fcrlich um 11:30 Uhr und nicht wie es im INFO-Kasten des Artikels steht&#8230;\u00a0 \u00a0 Ge\u00f6ffnet ist an diesem Tag bis 15:00 Uhr&#8230; Wir freuen &hellip; <a href=\"https:\/\/schaffrath-haus.com\/?p=2984\" class=\"more-link\"><span class=\"screen-reader-text\">PRESSE \u00fcber Wilfried Sch\u00fcller\u00b4s Ausstellung ab 5. September 2021<\/span> weiterlesen <span class=\"meta-nav\">&rarr;<\/span><\/a><\/p>\n","protected":false},"author":1,"featured_media":0,"comment_status":"closed","ping_status":"closed","sticky":false,"template":"","format":"standard","meta":{"footnotes":""},"categories":[1],"tags":[],"class_list":["post-2984","post","type-post","status-publish","format-standard","hentry","category-uncategorized"],"_links":{"self":[{"href":"https:\/\/schaffrath-haus.com\/index.php?rest_route=\/wp\/v2\/posts\/2984"}],"collection":[{"href":"https:\/\/schaffrath-haus.com\/index.php?rest_route=\/wp\/v2\/posts"}],"about":[{"href":"https:\/\/schaffrath-haus.com\/index.php?rest_route=\/wp\/v2\/types\/post"}],"author":[{"embeddable":true,"href":"https:\/\/schaffrath-haus.com\/index.php?rest_route=\/wp\/v2\/users\/1"}],"replies":[{"embeddable":true,"href":"https:\/\/schaffrath-haus.com\/index.php?rest_route=%2Fwp%2Fv2%2Fcomments&post=2984"}],"version-history":[{"count":4,"href":"https:\/\/schaffrath-haus.com\/index.php?rest_route=\/wp\/v2\/posts\/2984\/revisions"}],"predecessor-version":[{"id":2990,"href":"https:\/\/schaffrath-haus.com\/index.php?rest_route=\/wp\/v2\/posts\/2984\/revisions\/2990"}],"wp:attachment":[{"href":"https:\/\/schaffrath-haus.com\/index.php?rest_route=%2Fwp%2Fv2%2Fmedia&parent=2984"}],"wp:term":[{"taxonomy":"category","embeddable":true,"href":"https:\/\/schaffrath-haus.com\/index.php?rest_route=%2Fwp%2Fv2%2Fcategories&post=2984"},{"taxonomy":"post_tag","embeddable":true,"href":"https:\/\/schaffrath-haus.com\/index.php?rest_route=%2Fwp%2Fv2%2Ftags&post=2984"}],"curies":[{"name":"wp","href":"https:\/\/api.w.org\/{rel}","templated":true}]}}