{"id":2948,"date":"2021-07-22T20:28:11","date_gmt":"2021-07-22T20:28:11","guid":{"rendered":"http:\/\/schaffrath-haus.com\/wp\/?p=2948"},"modified":"2021-08-26T15:57:19","modified_gmt":"2021-08-26T15:57:19","slug":"ausstellung-wilfried-schueller-fotografie-eroeffnung-am-5-9-2021","status":"publish","type":"post","link":"https:\/\/schaffrath-haus.com\/?p=2948","title":{"rendered":"Ausstellung: Wilfried Sch\u00fcller -FOTOGRAFIE- Er\u00f6ffnung am 5.9.2021"},"content":{"rendered":"<h5>Wir freuen uns sehr, endlich wieder \u00f6ffnen zu k\u00f6nnen und pr\u00e4sentieren Ihnen als erste Ausstellung 2021, die wunderbaren Fotografien von Wilfried Sch\u00fcller!<\/h5>\n<h1><a href=\"https:\/\/schaffrath-haus.com\/wp-content\/uploads\/2021\/07\/Wilfried-1.jpg\"><img loading=\"lazy\" decoding=\"async\" class=\"aligncenter wp-image-2943\" src=\"https:\/\/schaffrath-haus.com\/wp-content\/uploads\/2021\/07\/Wilfried-1-300x150.jpg\" alt=\"\" width=\"534\" height=\"267\" srcset=\"https:\/\/schaffrath-haus.com\/wp-content\/uploads\/2021\/07\/Wilfried-1-300x150.jpg 300w, https:\/\/schaffrath-haus.com\/wp-content\/uploads\/2021\/07\/Wilfried-1-768x384.jpg 768w, https:\/\/schaffrath-haus.com\/wp-content\/uploads\/2021\/07\/Wilfried-1-1024x512.jpg 1024w, https:\/\/schaffrath-haus.com\/wp-content\/uploads\/2021\/07\/Wilfried-1.jpg 1804w\" sizes=\"(max-width: 534px) 100vw, 534px\" \/><\/a><span style=\"color: #008000;\">Wilfried Sch\u00fcller -FOTOGRAFIE-<br \/>\n<\/span><\/h1>\n<h5>Ausstellungsdauer: 05. &#8211; 19. September 2021<\/h5>\n<h6>Vernissage:<\/h6>\n<p>Sonntag, 05.09.2021 um 11.30 &#8211; ge\u00f6ffnet bis 15.00 Uhr (es gelten die 3G-Regeln)<\/p>\n<h6>Begr\u00fc\u00dfung:<\/h6>\n<p>Friedhelm Kr\u00e4mer, Stellv. B\u00fcrgermeister der Stadt Alsdorf<\/p>\n<h6>Einf\u00fchrung:<\/h6>\n<p>Kunsthistorikerin Alexandra Simon-T\u00f6nges<\/p>\n<h6>Musikalische Begleitung zur Vernissage:<\/h6>\n<p>Rick Takvorian<\/p>\n<h6>\u00d6ffnungszeiten:<\/h6>\n<p>(Der K\u00fcnstler ist jeweils anwesend)<\/p>\n<p>Samstag 11.9.2021, 16-18 Uhr<br \/>\nSonntag 12.9.2021, 14-18 Uhr<br \/>\nSamstag 18.9.2021, 16-18 Uhr<br \/>\nSonntag 19.9.2021, 14-18 Uhr<\/p>\n<p>Einladung als PDF zum herunterladen: <a href=\"https:\/\/schaffrath-haus.com\/wp-content\/uploads\/2021\/07\/Einladung-Wilfried-Schueller.pdf\">Einladung-Wilfried-Schueller<\/a><\/p>\n<p><a href=\"https:\/\/schaffrath-haus.com\/wp-content\/uploads\/2021\/07\/Publikation1.jpg\"><img loading=\"lazy\" decoding=\"async\" class=\"aligncenter wp-image-2942\" src=\"https:\/\/schaffrath-haus.com\/wp-content\/uploads\/2021\/07\/Publikation1-300x295.jpg\" alt=\"\" width=\"353\" height=\"347\" srcset=\"https:\/\/schaffrath-haus.com\/wp-content\/uploads\/2021\/07\/Publikation1-300x295.jpg 300w, https:\/\/schaffrath-haus.com\/wp-content\/uploads\/2021\/07\/Publikation1-768x755.jpg 768w, https:\/\/schaffrath-haus.com\/wp-content\/uploads\/2021\/07\/Publikation1-1024x1007.jpg 1024w, https:\/\/schaffrath-haus.com\/wp-content\/uploads\/2021\/07\/Publikation1.jpg 1025w\" sizes=\"(max-width: 353px) 100vw, 353px\" \/><\/a><\/p>\n<p><a href=\"https:\/\/schaffrath-haus.com\/wp-content\/uploads\/2021\/07\/Wilfried-3.jpg\"><img loading=\"lazy\" decoding=\"async\" class=\"aligncenter wp-image-2945\" src=\"https:\/\/schaffrath-haus.com\/wp-content\/uploads\/2021\/07\/Wilfried-3-300x149.jpg\" alt=\"\" width=\"546\" height=\"271\" srcset=\"https:\/\/schaffrath-haus.com\/wp-content\/uploads\/2021\/07\/Wilfried-3-300x149.jpg 300w, https:\/\/schaffrath-haus.com\/wp-content\/uploads\/2021\/07\/Wilfried-3-768x380.jpg 768w, https:\/\/schaffrath-haus.com\/wp-content\/uploads\/2021\/07\/Wilfried-3-1024x507.jpg 1024w, https:\/\/schaffrath-haus.com\/wp-content\/uploads\/2021\/07\/Wilfried-3.jpg 1823w\" sizes=\"(max-width: 546px) 100vw, 546px\" \/><\/a><a href=\"https:\/\/schaffrath-haus.com\/wp-content\/uploads\/2021\/07\/Wilfried-2.jpg\"><img loading=\"lazy\" decoding=\"async\" class=\"aligncenter wp-image-2944\" src=\"https:\/\/schaffrath-haus.com\/wp-content\/uploads\/2021\/07\/Wilfried-2-300x149.jpg\" alt=\"\" width=\"517\" height=\"257\" srcset=\"https:\/\/schaffrath-haus.com\/wp-content\/uploads\/2021\/07\/Wilfried-2-300x149.jpg 300w, https:\/\/schaffrath-haus.com\/wp-content\/uploads\/2021\/07\/Wilfried-2-768x383.jpg 768w, https:\/\/schaffrath-haus.com\/wp-content\/uploads\/2021\/07\/Wilfried-2-1024x510.jpg 1024w, https:\/\/schaffrath-haus.com\/wp-content\/uploads\/2021\/07\/Wilfried-2.jpg 1815w\" sizes=\"(max-width: 517px) 100vw, 517px\" \/><\/a><a href=\"https:\/\/schaffrath-haus.com\/wp-content\/uploads\/2021\/07\/Wilfried-4.jpg\"><img loading=\"lazy\" decoding=\"async\" class=\"aligncenter wp-image-2946\" src=\"https:\/\/schaffrath-haus.com\/wp-content\/uploads\/2021\/07\/Wilfried-4-300x150.jpg\" alt=\"\" width=\"524\" height=\"262\" srcset=\"https:\/\/schaffrath-haus.com\/wp-content\/uploads\/2021\/07\/Wilfried-4-300x150.jpg 300w, https:\/\/schaffrath-haus.com\/wp-content\/uploads\/2021\/07\/Wilfried-4-768x385.jpg 768w, https:\/\/schaffrath-haus.com\/wp-content\/uploads\/2021\/07\/Wilfried-4-1024x514.jpg 1024w, https:\/\/schaffrath-haus.com\/wp-content\/uploads\/2021\/07\/Wilfried-4.jpg 1802w\" sizes=\"(max-width: 524px) 100vw, 524px\" \/><\/a><\/p>\n","protected":false},"excerpt":{"rendered":"<p>Wir freuen uns sehr, endlich wieder \u00f6ffnen zu k\u00f6nnen und pr\u00e4sentieren Ihnen als erste Ausstellung 2021, die wunderbaren Fotografien von Wilfried Sch\u00fcller! Wilfried Sch\u00fcller -FOTOGRAFIE- Ausstellungsdauer: 05. &#8211; 19. September 2021 Vernissage: Sonntag, 05.09.2021 um 11.30 &#8211; ge\u00f6ffnet bis 15.00 Uhr (es gelten die 3G-Regeln) Begr\u00fc\u00dfung: Friedhelm Kr\u00e4mer, Stellv. B\u00fcrgermeister der Stadt Alsdorf Einf\u00fchrung: Kunsthistorikerin &hellip; <a href=\"https:\/\/schaffrath-haus.com\/?p=2948\" class=\"more-link\"><span class=\"screen-reader-text\">Ausstellung: Wilfried Sch\u00fcller -FOTOGRAFIE- Er\u00f6ffnung am 5.9.2021<\/span> weiterlesen <span class=\"meta-nav\">&rarr;<\/span><\/a><\/p>\n","protected":false},"author":1,"featured_media":0,"comment_status":"closed","ping_status":"closed","sticky":false,"template":"","format":"standard","meta":{"footnotes":""},"categories":[1],"tags":[],"class_list":["post-2948","post","type-post","status-publish","format-standard","hentry","category-uncategorized"],"_links":{"self":[{"href":"https:\/\/schaffrath-haus.com\/index.php?rest_route=\/wp\/v2\/posts\/2948"}],"collection":[{"href":"https:\/\/schaffrath-haus.com\/index.php?rest_route=\/wp\/v2\/posts"}],"about":[{"href":"https:\/\/schaffrath-haus.com\/index.php?rest_route=\/wp\/v2\/types\/post"}],"author":[{"embeddable":true,"href":"https:\/\/schaffrath-haus.com\/index.php?rest_route=\/wp\/v2\/users\/1"}],"replies":[{"embeddable":true,"href":"https:\/\/schaffrath-haus.com\/index.php?rest_route=%2Fwp%2Fv2%2Fcomments&post=2948"}],"version-history":[{"count":6,"href":"https:\/\/schaffrath-haus.com\/index.php?rest_route=\/wp\/v2\/posts\/2948\/revisions"}],"predecessor-version":[{"id":2978,"href":"https:\/\/schaffrath-haus.com\/index.php?rest_route=\/wp\/v2\/posts\/2948\/revisions\/2978"}],"wp:attachment":[{"href":"https:\/\/schaffrath-haus.com\/index.php?rest_route=%2Fwp%2Fv2%2Fmedia&parent=2948"}],"wp:term":[{"taxonomy":"category","embeddable":true,"href":"https:\/\/schaffrath-haus.com\/index.php?rest_route=%2Fwp%2Fv2%2Fcategories&post=2948"},{"taxonomy":"post_tag","embeddable":true,"href":"https:\/\/schaffrath-haus.com\/index.php?rest_route=%2Fwp%2Fv2%2Ftags&post=2948"}],"curies":[{"name":"wp","href":"https:\/\/api.w.org\/{rel}","templated":true}]}}