{"id":2849,"date":"2020-08-28T07:46:18","date_gmt":"2020-08-28T07:46:18","guid":{"rendered":"http:\/\/schaffrath-haus.com\/wp\/?p=2849"},"modified":"2024-10-13T08:04:28","modified_gmt":"2024-10-13T08:04:28","slug":"vertrautes","status":"publish","type":"post","link":"https:\/\/schaffrath-haus.com\/?p=2849","title":{"rendered":"Ausstellung: &#8222;Vertrautes&#8220; &#8211; Marlene Hollands, Mechthild Niebeling-Mause, Sigrid Rothe, Andrea Zang"},"content":{"rendered":"<h5>Wir laden herzlich zu unsere n\u00e4chsten Ausstellung in unseren R\u00e4umen ein.<\/h5>\n<p><span style=\"color: #ff0000;\">Aufgrund der derzeitigen Situation bitten wir Sie, sich kurzfristig \u00fcber die Bedingungen HIER zu erkundigen.<br \/>\n<\/span><\/p>\n<div dir=\"auto\"><span style=\"color: #ff0000;\">Aus aktuellem Anlass verzichten wir auf eine Vernissage, im \u00fcblichen Sinn. Die Ausstellung wird dennoch am 13.09.2020 er\u00f6ffnet. Da nur f\u00fcr eine bestimmte Anzahl Personen ausreichend Platz zur Verf\u00fcgung steht, sind wir gezwungen Zeitfenster zu vergeben. <\/span><\/div>\n<div dir=\"auto\"><span style=\"color: #ff0000;\">Wir bitten um Anmeldung unter info@schaffrath-haus.com oder telefonisch unter 02162-30826.<\/span><\/div>\n<div dir=\"auto\"><span style=\"color: #ff0000;\">Zeitfenster 1: 11.30-12.20 Uhr<\/span><\/div>\n<div dir=\"auto\"><span style=\"color: #ff0000;\">Zeitfenster 2: 12.30-13.20 Uhr<\/span><\/div>\n<div dir=\"auto\"><span style=\"color: #ff0000;\">Zeitfenster 3: 13.30-14.30 Uhr<\/span><\/div>\n<div dir=\"auto\"><span style=\"color: #ff0000;\">Die \u00fcblichen Hygienema\u00dfnahmen und Abstandsregeln sind zu beachten, auch das Tragen eines Mund-Nasenschutzes ist erforderlich.<br \/>\n<\/span><\/div>\n<h3><a href=\"https:\/\/schaffrath-haus.com\/wp-content\/uploads\/2019\/12\/Vertrautes_1.jpg\"><img loading=\"lazy\" decoding=\"async\" class=\" wp-image-2842 alignleft\" src=\"https:\/\/schaffrath-haus.com\/wp-content\/uploads\/2019\/12\/Vertrautes_1-300x150.jpg\" alt=\"\" width=\"494\" height=\"247\" srcset=\"https:\/\/schaffrath-haus.com\/wp-content\/uploads\/2019\/12\/Vertrautes_1-300x150.jpg 300w, https:\/\/schaffrath-haus.com\/wp-content\/uploads\/2019\/12\/Vertrautes_1-768x384.jpg 768w, https:\/\/schaffrath-haus.com\/wp-content\/uploads\/2019\/12\/Vertrautes_1.jpg 910w\" sizes=\"(max-width: 494px) 100vw, 494px\" \/><\/a><\/h3>\n<p>&nbsp;<\/p>\n<p>&nbsp;<\/p>\n<h1><span style=\"color: #008000;\">MARLENE HOLLANDS, MECHTHILD NIEBELING-MAUSE, SIGRID ROTHE, und ANDREA ZANG <\/span><\/h1>\n<h1><span style=\"color: #008000;\">-Vertrautes-<br \/>\n<\/span><\/h1>\n<h5>Ausstellungsdauer: 13. &#8211; 27. September 2020<\/h5>\n<h6>Ausstellungser\u00f6ffnung:<\/h6>\n<p>Sonntag, 13.9.2020 von 11.30 Uhr bis 14.30 Uhr<\/p>\n<h6>Die offizielle Begr\u00fc\u00dfung ist <span style=\"color: #ff0000;\">ABGESAGT<\/span><\/h6>\n<p>Alfred Sonders, B\u00fcrgermeister der Stadt Alsdorf <span style=\"color: #ff0000;\">wird\u00a0 aber kurz im Laufe des Tages vorbeischauen<\/span><\/p>\n<h6>Die Einf\u00fchrung <strong>von Dr. Dirk T\u00f6lke ist<\/strong> <span style=\"color: #ff0000;\">ABGESAGT<\/span><\/h6>\n<h6>\u00d6ffnungszeiten:<\/h6>\n<p>Die K\u00fcnstler sind anwesend.<\/p>\n<p>Sonntag 13.9.2020, 11.30-14.30 Uhr, Er\u00f6ffnung<br \/>\nSamstag 19.9.2020, 16-18 Uhr<br \/>\nSonntag 20.9.2020, 14-18 Uhr<br \/>\nSamstag 26.9.2020, 16-18 Uhr<br \/>\nSonntag 27.9.2020, 14-18 Uhr<\/p>\n<p>Link zum PDF Download der Einladungskarte:<\/p>\n<p><a href=\"https:\/\/schaffrath-haus.com\/wp-content\/uploads\/2020\/08\/Einladungskarte-Ausstellung-Vertrautes.pdf\">Einladungskarte Ausstellung -Vertrautes<\/a><\/p>\n<p><a href=\"https:\/\/schaffrath-haus.com\/wp-content\/uploads\/2019\/12\/Vertrautes_2.jpg\"><img loading=\"lazy\" decoding=\"async\" class=\" wp-image-2845 alignleft\" src=\"https:\/\/schaffrath-haus.com\/wp-content\/uploads\/2019\/12\/Vertrautes_2-300x150.jpg\" alt=\"\" width=\"424\" height=\"212\" srcset=\"https:\/\/schaffrath-haus.com\/wp-content\/uploads\/2019\/12\/Vertrautes_2-300x150.jpg 300w, https:\/\/schaffrath-haus.com\/wp-content\/uploads\/2019\/12\/Vertrautes_2-768x384.jpg 768w, https:\/\/schaffrath-haus.com\/wp-content\/uploads\/2019\/12\/Vertrautes_2.jpg 907w\" sizes=\"(max-width: 424px) 100vw, 424px\" \/><\/a><a href=\"https:\/\/schaffrath-haus.com\/wp-content\/uploads\/2019\/12\/Vertrautes_3.jpg\"><img loading=\"lazy\" decoding=\"async\" class=\" wp-image-2846 alignleft\" src=\"https:\/\/schaffrath-haus.com\/wp-content\/uploads\/2019\/12\/Vertrautes_3-300x149.jpg\" alt=\"\" width=\"425\" height=\"211\" srcset=\"https:\/\/schaffrath-haus.com\/wp-content\/uploads\/2019\/12\/Vertrautes_3-300x149.jpg 300w, https:\/\/schaffrath-haus.com\/wp-content\/uploads\/2019\/12\/Vertrautes_3-768x382.jpg 768w, https:\/\/schaffrath-haus.com\/wp-content\/uploads\/2019\/12\/Vertrautes_3.jpg 907w\" sizes=\"(max-width: 425px) 100vw, 425px\" \/><\/a><a href=\"https:\/\/schaffrath-haus.com\/wp-content\/uploads\/2019\/12\/Vertrautes_4.jpg\"><img loading=\"lazy\" decoding=\"async\" class=\" wp-image-2847 alignleft\" src=\"https:\/\/schaffrath-haus.com\/wp-content\/uploads\/2019\/12\/Vertrautes_4-300x150.jpg\" alt=\"\" width=\"426\" height=\"213\" srcset=\"https:\/\/schaffrath-haus.com\/wp-content\/uploads\/2019\/12\/Vertrautes_4-300x150.jpg 300w, https:\/\/schaffrath-haus.com\/wp-content\/uploads\/2019\/12\/Vertrautes_4-768x383.jpg 768w, https:\/\/schaffrath-haus.com\/wp-content\/uploads\/2019\/12\/Vertrautes_4.jpg 911w\" sizes=\"(max-width: 426px) 100vw, 426px\" \/><\/a><\/p>\n<p>&nbsp;<\/p>\n<p>&nbsp;<\/p>\n<p>&nbsp;<\/p>\n<p>&nbsp;<\/p>\n<p>&nbsp;<\/p>\n<p>&nbsp;<\/p>\n<p>&nbsp;<\/p>\n","protected":false},"excerpt":{"rendered":"<p>Wir laden herzlich zu unsere n\u00e4chsten Ausstellung in unseren R\u00e4umen ein. Aufgrund der derzeitigen Situation bitten wir Sie, sich kurzfristig \u00fcber die Bedingungen HIER zu erkundigen. Aus aktuellem Anlass verzichten wir auf eine Vernissage, im \u00fcblichen Sinn. Die Ausstellung wird dennoch am 13.09.2020 er\u00f6ffnet. Da nur f\u00fcr eine bestimmte Anzahl Personen ausreichend Platz zur Verf\u00fcgung &hellip; <a href=\"https:\/\/schaffrath-haus.com\/?p=2849\" class=\"more-link\"><span class=\"screen-reader-text\">Ausstellung: &#8222;Vertrautes&#8220; &#8211; Marlene Hollands, Mechthild Niebeling-Mause, Sigrid Rothe, Andrea Zang<\/span> weiterlesen <span class=\"meta-nav\">&rarr;<\/span><\/a><\/p>\n","protected":false},"author":1,"featured_media":0,"comment_status":"closed","ping_status":"closed","sticky":false,"template":"","format":"standard","meta":{"footnotes":""},"categories":[1],"tags":[],"class_list":["post-2849","post","type-post","status-publish","format-standard","hentry","category-uncategorized"],"_links":{"self":[{"href":"https:\/\/schaffrath-haus.com\/index.php?rest_route=\/wp\/v2\/posts\/2849"}],"collection":[{"href":"https:\/\/schaffrath-haus.com\/index.php?rest_route=\/wp\/v2\/posts"}],"about":[{"href":"https:\/\/schaffrath-haus.com\/index.php?rest_route=\/wp\/v2\/types\/post"}],"author":[{"embeddable":true,"href":"https:\/\/schaffrath-haus.com\/index.php?rest_route=\/wp\/v2\/users\/1"}],"replies":[{"embeddable":true,"href":"https:\/\/schaffrath-haus.com\/index.php?rest_route=%2Fwp%2Fv2%2Fcomments&post=2849"}],"version-history":[{"count":11,"href":"https:\/\/schaffrath-haus.com\/index.php?rest_route=\/wp\/v2\/posts\/2849\/revisions"}],"predecessor-version":[{"id":4458,"href":"https:\/\/schaffrath-haus.com\/index.php?rest_route=\/wp\/v2\/posts\/2849\/revisions\/4458"}],"wp:attachment":[{"href":"https:\/\/schaffrath-haus.com\/index.php?rest_route=%2Fwp%2Fv2%2Fmedia&parent=2849"}],"wp:term":[{"taxonomy":"category","embeddable":true,"href":"https:\/\/schaffrath-haus.com\/index.php?rest_route=%2Fwp%2Fv2%2Fcategories&post=2849"},{"taxonomy":"post_tag","embeddable":true,"href":"https:\/\/schaffrath-haus.com\/index.php?rest_route=%2Fwp%2Fv2%2Ftags&post=2849"}],"curies":[{"name":"wp","href":"https:\/\/api.w.org\/{rel}","templated":true}]}}