{"id":2812,"date":"2020-06-18T16:25:57","date_gmt":"2020-06-18T16:25:57","guid":{"rendered":"http:\/\/schaffrath-haus.com\/wp\/?p=2812"},"modified":"2020-06-22T06:57:22","modified_gmt":"2020-06-22T06:57:22","slug":"juergen-b-hausmann-ist-am-21-juni-bei-uns","status":"publish","type":"post","link":"https:\/\/schaffrath-haus.com\/?p=2812","title":{"rendered":"J\u00fcrgen B. Hausmann ist am 21. Juni bei uns"},"content":{"rendered":"<h3>Wir freuen uns riesig, dass auch bei uns endlich wieder was stattfinden kann!<\/h3>\n<p>Am Sonntag begr\u00fc\u00dfen wir J\u00fcrgen B. Hausmann und Harald Cla\u00dfen Open Air in unserem Garten und hoffen, dass das Wetter auch mitspielt.<\/p>\n<h3>21. Juni 2020 um 11.30 &#8211; Fr\u00fchschoppen Kabarett <strong><span style=\"color: #ff0000;\"> -AUSVERKAUFT-<\/span><\/strong><\/h3>\n<h5>&#8211; SOMMER, SONNE, SO\u00b4NE SPASS &#8211;<\/h5>\n<h4><span style=\"color: #008000;\"><strong>J\u00dcRGEN B. HAUSMANN<\/strong><\/span><\/h4>\n<p>Fr\u00fchschoppen mit J\u00fcrgen B. Hausmann!<br \/>\nExklusiv und hautnah kommt der beliebte Kabarettist, bekannt durch\u00a0 Funk und Fernsehen, wieder zu uns ins Schaffrathhaus, mit einer Preview auf sein neue Programm. Freuen Sie sich auf einen ausgesprochen unterhaltsamen und unvergesslichen Mittag!<\/p>\n<p>Musikalische Begleitung: Harald Cla\u00dfen.<\/p>\n<p><a href=\"https:\/\/schaffrath-haus.com\/wp-content\/uploads\/2019\/12\/Bearbeitet-5308-Kopie.jpg\"><img loading=\"lazy\" decoding=\"async\" class=\"aligncenter size-medium wp-image-2567\" src=\"https:\/\/schaffrath-haus.com\/wp-content\/uploads\/2019\/12\/Bearbeitet-5308-Kopie-300x181.jpg\" alt=\"\" width=\"300\" height=\"181\" srcset=\"https:\/\/schaffrath-haus.com\/wp-content\/uploads\/2019\/12\/Bearbeitet-5308-Kopie-300x181.jpg 300w, https:\/\/schaffrath-haus.com\/wp-content\/uploads\/2019\/12\/Bearbeitet-5308-Kopie-768x464.jpg 768w, https:\/\/schaffrath-haus.com\/wp-content\/uploads\/2019\/12\/Bearbeitet-5308-Kopie.jpg 1024w\" sizes=\"(max-width: 300px) 100vw, 300px\" \/><\/a><\/p>\n","protected":false},"excerpt":{"rendered":"<p>Wir freuen uns riesig, dass auch bei uns endlich wieder was stattfinden kann! Am Sonntag begr\u00fc\u00dfen wir J\u00fcrgen B. Hausmann und Harald Cla\u00dfen Open Air in unserem Garten und hoffen, dass das Wetter auch mitspielt. 21. Juni 2020 um 11.30 &#8211; Fr\u00fchschoppen Kabarett -AUSVERKAUFT- &#8211; SOMMER, SONNE, SO\u00b4NE SPASS &#8211; J\u00dcRGEN B. HAUSMANN Fr\u00fchschoppen mit &hellip; <a href=\"https:\/\/schaffrath-haus.com\/?p=2812\" class=\"more-link\"><span class=\"screen-reader-text\">J\u00fcrgen B. Hausmann ist am 21. Juni bei uns<\/span> weiterlesen <span class=\"meta-nav\">&rarr;<\/span><\/a><\/p>\n","protected":false},"author":1,"featured_media":0,"comment_status":"closed","ping_status":"closed","sticky":false,"template":"","format":"standard","meta":{"footnotes":""},"categories":[1],"tags":[],"class_list":["post-2812","post","type-post","status-publish","format-standard","hentry","category-uncategorized"],"_links":{"self":[{"href":"https:\/\/schaffrath-haus.com\/index.php?rest_route=\/wp\/v2\/posts\/2812"}],"collection":[{"href":"https:\/\/schaffrath-haus.com\/index.php?rest_route=\/wp\/v2\/posts"}],"about":[{"href":"https:\/\/schaffrath-haus.com\/index.php?rest_route=\/wp\/v2\/types\/post"}],"author":[{"embeddable":true,"href":"https:\/\/schaffrath-haus.com\/index.php?rest_route=\/wp\/v2\/users\/1"}],"replies":[{"embeddable":true,"href":"https:\/\/schaffrath-haus.com\/index.php?rest_route=%2Fwp%2Fv2%2Fcomments&post=2812"}],"version-history":[{"count":3,"href":"https:\/\/schaffrath-haus.com\/index.php?rest_route=\/wp\/v2\/posts\/2812\/revisions"}],"predecessor-version":[{"id":2838,"href":"https:\/\/schaffrath-haus.com\/index.php?rest_route=\/wp\/v2\/posts\/2812\/revisions\/2838"}],"wp:attachment":[{"href":"https:\/\/schaffrath-haus.com\/index.php?rest_route=%2Fwp%2Fv2%2Fmedia&parent=2812"}],"wp:term":[{"taxonomy":"category","embeddable":true,"href":"https:\/\/schaffrath-haus.com\/index.php?rest_route=%2Fwp%2Fv2%2Fcategories&post=2812"},{"taxonomy":"post_tag","embeddable":true,"href":"https:\/\/schaffrath-haus.com\/index.php?rest_route=%2Fwp%2Fv2%2Ftags&post=2812"}],"curies":[{"name":"wp","href":"https:\/\/api.w.org\/{rel}","templated":true}]}}