{"id":2808,"date":"2020-05-08T07:41:32","date_gmt":"2020-05-08T07:41:32","guid":{"rendered":"http:\/\/schaffrath-haus.com\/wp\/?p=2808"},"modified":"2020-05-08T07:41:32","modified_gmt":"2020-05-08T07:41:32","slug":"aktuelle-neuigkeiten-und-aenderungen","status":"publish","type":"post","link":"https:\/\/schaffrath-haus.com\/?p=2808","title":{"rendered":"Aktuelle Neuigkeiten und \u00c4nderungen"},"content":{"rendered":"<p>Die Ausstellung &#8222;Seelenlandschaften&#8220; von Wilfried Sch\u00fcller muss aus aktuellem Anlass leider verschoben werden. Ein neuer Termin ist geplant f\u00fcr Mai 2021.<\/p>\n<p>F\u00fchrungen finden wieder bis zu einer Gruppengr\u00f6\u00dfe von bis zu 6 Personenstatt. Die n\u00e4chstenTermine sind Freitag, der 15.5.2020 um 17.00 Uhr und Sonntag der 24.5.2020 um 15.00 Uhr.<\/p>\n<p>Weitere Termine auf Anfrage m\u00f6glich.<br \/>\nAnmeldung unter: Tel.: 02404-6767 084 oder info@schaffrath-haus.com<\/p>\n","protected":false},"excerpt":{"rendered":"<p>Die Ausstellung &#8222;Seelenlandschaften&#8220; von Wilfried Sch\u00fcller muss aus aktuellem Anlass leider verschoben werden. Ein neuer Termin ist geplant f\u00fcr Mai 2021. F\u00fchrungen finden wieder bis zu einer Gruppengr\u00f6\u00dfe von bis zu 6 Personenstatt. Die n\u00e4chstenTermine sind Freitag, der 15.5.2020 um 17.00 Uhr und Sonntag der 24.5.2020 um 15.00 Uhr. Weitere Termine auf Anfrage m\u00f6glich. Anmeldung &hellip; <a href=\"https:\/\/schaffrath-haus.com\/?p=2808\" class=\"more-link\"><span class=\"screen-reader-text\">Aktuelle Neuigkeiten und \u00c4nderungen<\/span> weiterlesen <span class=\"meta-nav\">&rarr;<\/span><\/a><\/p>\n","protected":false},"author":1,"featured_media":0,"comment_status":"closed","ping_status":"closed","sticky":false,"template":"","format":"standard","meta":{"footnotes":""},"categories":[1],"tags":[],"class_list":["post-2808","post","type-post","status-publish","format-standard","hentry","category-uncategorized"],"_links":{"self":[{"href":"https:\/\/schaffrath-haus.com\/index.php?rest_route=\/wp\/v2\/posts\/2808"}],"collection":[{"href":"https:\/\/schaffrath-haus.com\/index.php?rest_route=\/wp\/v2\/posts"}],"about":[{"href":"https:\/\/schaffrath-haus.com\/index.php?rest_route=\/wp\/v2\/types\/post"}],"author":[{"embeddable":true,"href":"https:\/\/schaffrath-haus.com\/index.php?rest_route=\/wp\/v2\/users\/1"}],"replies":[{"embeddable":true,"href":"https:\/\/schaffrath-haus.com\/index.php?rest_route=%2Fwp%2Fv2%2Fcomments&post=2808"}],"version-history":[{"count":2,"href":"https:\/\/schaffrath-haus.com\/index.php?rest_route=\/wp\/v2\/posts\/2808\/revisions"}],"predecessor-version":[{"id":2810,"href":"https:\/\/schaffrath-haus.com\/index.php?rest_route=\/wp\/v2\/posts\/2808\/revisions\/2810"}],"wp:attachment":[{"href":"https:\/\/schaffrath-haus.com\/index.php?rest_route=%2Fwp%2Fv2%2Fmedia&parent=2808"}],"wp:term":[{"taxonomy":"category","embeddable":true,"href":"https:\/\/schaffrath-haus.com\/index.php?rest_route=%2Fwp%2Fv2%2Fcategories&post=2808"},{"taxonomy":"post_tag","embeddable":true,"href":"https:\/\/schaffrath-haus.com\/index.php?rest_route=%2Fwp%2Fv2%2Ftags&post=2808"}],"curies":[{"name":"wp","href":"https:\/\/api.w.org\/{rel}","templated":true}]}}