{"id":2727,"date":"2020-02-17T21:15:42","date_gmt":"2020-02-17T21:15:42","guid":{"rendered":"http:\/\/schaffrath-haus.com\/wp\/?p=2727"},"modified":"2020-03-15T21:16:48","modified_gmt":"2020-03-15T21:16:48","slug":"ausstellung","status":"publish","type":"post","link":"https:\/\/schaffrath-haus.com\/?p=2727","title":{"rendered":"Ausstellung: Marie-Gabriele Ahlert und Hans-Dieter Ahlert -Dialog"},"content":{"rendered":"<h1><a href=\"https:\/\/schaffrath-haus.com\/wp-content\/uploads\/2019\/12\/Dialog1.jpg\"><img loading=\"lazy\" decoding=\"async\" class=\"wp-image-2721 alignleft\" src=\"https:\/\/schaffrath-haus.com\/wp-content\/uploads\/2019\/12\/Dialog1-300x150.jpg\" alt=\"\" width=\"422\" height=\"211\" srcset=\"https:\/\/schaffrath-haus.com\/wp-content\/uploads\/2019\/12\/Dialog1-300x150.jpg 300w, https:\/\/schaffrath-haus.com\/wp-content\/uploads\/2019\/12\/Dialog1-768x385.jpg 768w, https:\/\/schaffrath-haus.com\/wp-content\/uploads\/2019\/12\/Dialog1-1024x513.jpg 1024w, https:\/\/schaffrath-haus.com\/wp-content\/uploads\/2019\/12\/Dialog1.jpg 1138w\" sizes=\"(max-width: 422px) 100vw, 422px\" \/><\/a><\/h1>\n<p>&nbsp;<\/p>\n<h1><span style=\"color: #008000;\">MARIE-GABRIELE AHLERT &amp; HANS-DIETER AHLERT -DIALOG-<br \/>\n<\/span><\/h1>\n<h5>Ausstellungsdauer: 1. &#8211; 15. M\u00e4rz 2020<\/h5>\n<h6>Vernissage:<\/h6>\n<p>Sonntag, 1.3.2020 um 11.30 Uhr (bis 14.30 Uhr)<\/p>\n<h6>Begr\u00fc\u00dfung:<\/h6>\n<p>Friedhelm Kr\u00e4mer, Stellv. B\u00fcrgermeister der Stadt Alsdorf<br \/>\nKiki Bragard, Schaffrathhaus<\/p>\n<h6>Einf\u00fchrung:<\/h6>\n<p>Dr. Dirk T\u00f6lke<\/p>\n<h6>\u00d6ffnungszeiten:<\/h6>\n<p>Die K\u00fcnstler sind jeweils anwesend.<\/p>\n<p>Sonntag 1.3.2020, 11.30-14.30 Uhr<br \/>\nSamstag 7.3.2020, 16-18 Uhr<br \/>\nSonntag 8.3.2020, 14-18 Uhr<br \/>\nSamstag 14.3.2020, 16-18 Uhr<br \/>\nSonntag 15.3.2020, 14-18 Uhr<\/p>\n<p>Einladung als PDF zum herunterladen: <a href=\"https:\/\/schaffrath-haus.com\/wp-content\/uploads\/2020\/02\/Einladung-Ahlert-Ausstellung.pdf\">Einladung-Ahlert Ausstellung<\/a><\/p>\n<p><a href=\"https:\/\/schaffrath-haus.com\/wp-content\/uploads\/2019\/12\/Dialog3.jpg\"><img loading=\"lazy\" decoding=\"async\" class=\" wp-image-2723 alignleft\" src=\"https:\/\/schaffrath-haus.com\/wp-content\/uploads\/2019\/12\/Dialog3-300x151.jpg\" alt=\"\" width=\"389\" height=\"196\" srcset=\"https:\/\/schaffrath-haus.com\/wp-content\/uploads\/2019\/12\/Dialog3-300x151.jpg 300w, https:\/\/schaffrath-haus.com\/wp-content\/uploads\/2019\/12\/Dialog3-768x385.jpg 768w, https:\/\/schaffrath-haus.com\/wp-content\/uploads\/2019\/12\/Dialog3-1024x514.jpg 1024w, https:\/\/schaffrath-haus.com\/wp-content\/uploads\/2019\/12\/Dialog3.jpg 1138w\" sizes=\"(max-width: 389px) 100vw, 389px\" \/><\/a><a href=\"https:\/\/schaffrath-haus.com\/wp-content\/uploads\/2019\/12\/Dialog4.jpg\"><img loading=\"lazy\" decoding=\"async\" class=\" wp-image-2724 alignleft\" src=\"https:\/\/schaffrath-haus.com\/wp-content\/uploads\/2019\/12\/Dialog4-300x150.jpg\" alt=\"\" width=\"390\" height=\"195\" srcset=\"https:\/\/schaffrath-haus.com\/wp-content\/uploads\/2019\/12\/Dialog4-300x150.jpg 300w, https:\/\/schaffrath-haus.com\/wp-content\/uploads\/2019\/12\/Dialog4-768x385.jpg 768w, https:\/\/schaffrath-haus.com\/wp-content\/uploads\/2019\/12\/Dialog4-1024x513.jpg 1024w, https:\/\/schaffrath-haus.com\/wp-content\/uploads\/2019\/12\/Dialog4.jpg 1137w\" sizes=\"(max-width: 390px) 100vw, 390px\" \/><\/a><a href=\"https:\/\/schaffrath-haus.com\/wp-content\/uploads\/2019\/12\/Dialog2.jpg\"><img loading=\"lazy\" decoding=\"async\" class=\" wp-image-2722 alignleft\" src=\"https:\/\/schaffrath-haus.com\/wp-content\/uploads\/2019\/12\/Dialog2-300x150.jpg\" alt=\"\" width=\"392\" height=\"196\" srcset=\"https:\/\/schaffrath-haus.com\/wp-content\/uploads\/2019\/12\/Dialog2-300x150.jpg 300w, https:\/\/schaffrath-haus.com\/wp-content\/uploads\/2019\/12\/Dialog2-768x385.jpg 768w, https:\/\/schaffrath-haus.com\/wp-content\/uploads\/2019\/12\/Dialog2-1024x513.jpg 1024w, https:\/\/schaffrath-haus.com\/wp-content\/uploads\/2019\/12\/Dialog2.jpg 1138w\" sizes=\"(max-width: 392px) 100vw, 392px\" \/><\/a><\/p>\n<hr \/>\n<h4><\/h4>\n<hr \/>\n<h4>In der Presse:<\/h4>\n<p>Klenkes Magazin M\u00e4rz 2020<\/p>\n<p><a href=\"https:\/\/schaffrath-haus.com\/wp-content\/uploads\/2020\/02\/P1220615.jpg\"><img loading=\"lazy\" decoding=\"async\" class=\"aligncenter  wp-image-2777\" src=\"https:\/\/schaffrath-haus.com\/wp-content\/uploads\/2020\/02\/P1220615-123x300.jpg\" alt=\"\" width=\"165\" height=\"402\" srcset=\"https:\/\/schaffrath-haus.com\/wp-content\/uploads\/2020\/02\/P1220615-123x300.jpg 123w, https:\/\/schaffrath-haus.com\/wp-content\/uploads\/2020\/02\/P1220615-768x1870.jpg 768w, https:\/\/schaffrath-haus.com\/wp-content\/uploads\/2020\/02\/P1220615-420x1024.jpg 420w\" sizes=\"(max-width: 165px) 100vw, 165px\" \/><\/a><\/p>\n<p>Aachener Zeitung am Sonntag 1.3.2020<\/p>\n<p><a href=\"https:\/\/schaffrath-haus.com\/wp-content\/uploads\/2020\/02\/2020-03-01-Super-Sonntag-Ahlert.jpg\"><img loading=\"lazy\" decoding=\"async\" class=\"size-medium wp-image-2765 aligncenter\" src=\"https:\/\/schaffrath-haus.com\/wp-content\/uploads\/2020\/02\/2020-03-01-Super-Sonntag-Ahlert-300x244.jpg\" alt=\"\" width=\"300\" height=\"244\" srcset=\"https:\/\/schaffrath-haus.com\/wp-content\/uploads\/2020\/02\/2020-03-01-Super-Sonntag-Ahlert-300x244.jpg 300w, https:\/\/schaffrath-haus.com\/wp-content\/uploads\/2020\/02\/2020-03-01-Super-Sonntag-Ahlert-768x625.jpg 768w, https:\/\/schaffrath-haus.com\/wp-content\/uploads\/2020\/02\/2020-03-01-Super-Sonntag-Ahlert-1024x833.jpg 1024w\" sizes=\"(max-width: 300px) 100vw, 300px\" \/><\/a><\/p>\n<p>Aachener Nachrichten, 26.2.2020<\/p>\n<p><a href=\"https:\/\/schaffrath-haus.com\/wp-content\/uploads\/2020\/02\/2020-02-26-AN-Ahlert.jpg\"><img loading=\"lazy\" decoding=\"async\" class=\"size-medium wp-image-2764 aligncenter\" src=\"https:\/\/schaffrath-haus.com\/wp-content\/uploads\/2020\/02\/2020-02-26-AN-Ahlert-300x215.jpg\" alt=\"\" width=\"300\" height=\"215\" srcset=\"https:\/\/schaffrath-haus.com\/wp-content\/uploads\/2020\/02\/2020-02-26-AN-Ahlert-300x215.jpg 300w, https:\/\/schaffrath-haus.com\/wp-content\/uploads\/2020\/02\/2020-02-26-AN-Ahlert-768x550.jpg 768w, https:\/\/schaffrath-haus.com\/wp-content\/uploads\/2020\/02\/2020-02-26-AN-Ahlert-1024x733.jpg 1024w\" sizes=\"(max-width: 300px) 100vw, 300px\" \/><\/a><\/p>\n","protected":false},"excerpt":{"rendered":"<p>&nbsp; MARIE-GABRIELE AHLERT &amp; HANS-DIETER AHLERT -DIALOG- Ausstellungsdauer: 1. &#8211; 15. M\u00e4rz 2020 Vernissage: Sonntag, 1.3.2020 um 11.30 Uhr (bis 14.30 Uhr) Begr\u00fc\u00dfung: Friedhelm Kr\u00e4mer, Stellv. B\u00fcrgermeister der Stadt Alsdorf Kiki Bragard, Schaffrathhaus Einf\u00fchrung: Dr. Dirk T\u00f6lke \u00d6ffnungszeiten: Die K\u00fcnstler sind jeweils anwesend. Sonntag 1.3.2020, 11.30-14.30 Uhr Samstag 7.3.2020, 16-18 Uhr Sonntag 8.3.2020, 14-18 Uhr &hellip; <a href=\"https:\/\/schaffrath-haus.com\/?p=2727\" class=\"more-link\"><span class=\"screen-reader-text\">Ausstellung: Marie-Gabriele Ahlert und Hans-Dieter Ahlert -Dialog<\/span> weiterlesen <span class=\"meta-nav\">&rarr;<\/span><\/a><\/p>\n","protected":false},"author":1,"featured_media":0,"comment_status":"closed","ping_status":"closed","sticky":false,"template":"","format":"standard","meta":{"footnotes":""},"categories":[1],"tags":[],"class_list":["post-2727","post","type-post","status-publish","format-standard","hentry","category-uncategorized"],"_links":{"self":[{"href":"https:\/\/schaffrath-haus.com\/index.php?rest_route=\/wp\/v2\/posts\/2727"}],"collection":[{"href":"https:\/\/schaffrath-haus.com\/index.php?rest_route=\/wp\/v2\/posts"}],"about":[{"href":"https:\/\/schaffrath-haus.com\/index.php?rest_route=\/wp\/v2\/types\/post"}],"author":[{"embeddable":true,"href":"https:\/\/schaffrath-haus.com\/index.php?rest_route=\/wp\/v2\/users\/1"}],"replies":[{"embeddable":true,"href":"https:\/\/schaffrath-haus.com\/index.php?rest_route=%2Fwp%2Fv2%2Fcomments&post=2727"}],"version-history":[{"count":10,"href":"https:\/\/schaffrath-haus.com\/index.php?rest_route=\/wp\/v2\/posts\/2727\/revisions"}],"predecessor-version":[{"id":2779,"href":"https:\/\/schaffrath-haus.com\/index.php?rest_route=\/wp\/v2\/posts\/2727\/revisions\/2779"}],"wp:attachment":[{"href":"https:\/\/schaffrath-haus.com\/index.php?rest_route=%2Fwp%2Fv2%2Fmedia&parent=2727"}],"wp:term":[{"taxonomy":"category","embeddable":true,"href":"https:\/\/schaffrath-haus.com\/index.php?rest_route=%2Fwp%2Fv2%2Fcategories&post=2727"},{"taxonomy":"post_tag","embeddable":true,"href":"https:\/\/schaffrath-haus.com\/index.php?rest_route=%2Fwp%2Fv2%2Ftags&post=2727"}],"curies":[{"name":"wp","href":"https:\/\/api.w.org\/{rel}","templated":true}]}}