{"id":2646,"date":"2020-02-12T07:15:01","date_gmt":"2020-02-12T07:15:01","guid":{"rendered":"http:\/\/schaffrath-haus.com\/wp\/?p=2646"},"modified":"2020-02-12T20:29:45","modified_gmt":"2020-02-12T20:29:45","slug":"aktuelles-aus-der-presse","status":"publish","type":"post","link":"https:\/\/schaffrath-haus.com\/?p=2646","title":{"rendered":"Aktuelles aus der Presse"},"content":{"rendered":"<p>\u00dcber Jahreshauptversammlung Schaffrathhaus 2020<\/p>\n<p>Aachener Zeitung am Sonntag, 9.2.2020<\/p>\n<p><a href=\"https:\/\/schaffrath-haus.com\/wp-content\/uploads\/2019\/12\/P1220513.jpg\"><img loading=\"lazy\" decoding=\"async\" class=\"aligncenter size-medium wp-image-2630\" src=\"https:\/\/schaffrath-haus.com\/wp-content\/uploads\/2019\/12\/P1220513-113x300.jpg\" alt=\"\" width=\"113\" height=\"300\" srcset=\"https:\/\/schaffrath-haus.com\/wp-content\/uploads\/2019\/12\/P1220513-113x300.jpg 113w, https:\/\/schaffrath-haus.com\/wp-content\/uploads\/2019\/12\/P1220513-768x2035.jpg 768w, https:\/\/schaffrath-haus.com\/wp-content\/uploads\/2019\/12\/P1220513-386x1024.jpg 386w, https:\/\/schaffrath-haus.com\/wp-content\/uploads\/2019\/12\/P1220513.jpg 1630w\" sizes=\"(max-width: 113px) 100vw, 113px\" \/><\/a><\/p>\n<hr \/>\n<p>\u00dcber Ren\u00e9 Blanche Lesung am 14.2.2020<\/p>\n<p>Aachener Zeitung am Sonntag, 2.2.2020<\/p>\n<p><a href=\"https:\/\/schaffrath-haus.com\/wp-content\/uploads\/2019\/12\/P1220515.jpg\"><img loading=\"lazy\" decoding=\"async\" class=\"aligncenter size-medium wp-image-2631\" src=\"https:\/\/schaffrath-haus.com\/wp-content\/uploads\/2019\/12\/P1220515-109x300.jpg\" alt=\"\" width=\"109\" height=\"300\" srcset=\"https:\/\/schaffrath-haus.com\/wp-content\/uploads\/2019\/12\/P1220515-109x300.jpg 109w, https:\/\/schaffrath-haus.com\/wp-content\/uploads\/2019\/12\/P1220515-768x2108.jpg 768w, https:\/\/schaffrath-haus.com\/wp-content\/uploads\/2019\/12\/P1220515-373x1024.jpg 373w, https:\/\/schaffrath-haus.com\/wp-content\/uploads\/2019\/12\/P1220515.jpg 1467w\" sizes=\"(max-width: 109px) 100vw, 109px\" \/><\/a><\/p>\n<hr \/>\n<p>\u00dcber L\u00fcdwig Schaffrath Ausstellung im Zinkh\u00fctter Hof<\/p>\n<p>Eschweiler Magazin<\/p>\n<p><a href=\"https:\/\/schaffrath-haus.com\/wp-content\/uploads\/2019\/09\/Eschweiler_magazin_Schaffrath.jpg\"><img loading=\"lazy\" decoding=\"async\" class=\"aligncenter size-medium wp-image-2643\" src=\"https:\/\/schaffrath-haus.com\/wp-content\/uploads\/2019\/09\/Eschweiler_magazin_Schaffrath-203x300.jpg\" alt=\"\" width=\"203\" height=\"300\" srcset=\"https:\/\/schaffrath-haus.com\/wp-content\/uploads\/2019\/09\/Eschweiler_magazin_Schaffrath-203x300.jpg 203w, https:\/\/schaffrath-haus.com\/wp-content\/uploads\/2019\/09\/Eschweiler_magazin_Schaffrath-768x1133.jpg 768w, https:\/\/schaffrath-haus.com\/wp-content\/uploads\/2019\/09\/Eschweiler_magazin_Schaffrath-694x1024.jpg 694w\" sizes=\"(max-width: 203px) 100vw, 203px\" \/><\/a><\/p>\n","protected":false},"excerpt":{"rendered":"<p>\u00dcber Jahreshauptversammlung Schaffrathhaus 2020 Aachener Zeitung am Sonntag, 9.2.2020 \u00dcber Ren\u00e9 Blanche Lesung am 14.2.2020 Aachener Zeitung am Sonntag, 2.2.2020 \u00dcber L\u00fcdwig Schaffrath Ausstellung im Zinkh\u00fctter Hof Eschweiler Magazin<\/p>\n","protected":false},"author":1,"featured_media":0,"comment_status":"closed","ping_status":"closed","sticky":false,"template":"","format":"standard","meta":{"footnotes":""},"categories":[1],"tags":[],"class_list":["post-2646","post","type-post","status-publish","format-standard","hentry","category-uncategorized"],"_links":{"self":[{"href":"https:\/\/schaffrath-haus.com\/index.php?rest_route=\/wp\/v2\/posts\/2646"}],"collection":[{"href":"https:\/\/schaffrath-haus.com\/index.php?rest_route=\/wp\/v2\/posts"}],"about":[{"href":"https:\/\/schaffrath-haus.com\/index.php?rest_route=\/wp\/v2\/types\/post"}],"author":[{"embeddable":true,"href":"https:\/\/schaffrath-haus.com\/index.php?rest_route=\/wp\/v2\/users\/1"}],"replies":[{"embeddable":true,"href":"https:\/\/schaffrath-haus.com\/index.php?rest_route=%2Fwp%2Fv2%2Fcomments&post=2646"}],"version-history":[{"count":4,"href":"https:\/\/schaffrath-haus.com\/index.php?rest_route=\/wp\/v2\/posts\/2646\/revisions"}],"predecessor-version":[{"id":2651,"href":"https:\/\/schaffrath-haus.com\/index.php?rest_route=\/wp\/v2\/posts\/2646\/revisions\/2651"}],"wp:attachment":[{"href":"https:\/\/schaffrath-haus.com\/index.php?rest_route=%2Fwp%2Fv2%2Fmedia&parent=2646"}],"wp:term":[{"taxonomy":"category","embeddable":true,"href":"https:\/\/schaffrath-haus.com\/index.php?rest_route=%2Fwp%2Fv2%2Fcategories&post=2646"},{"taxonomy":"post_tag","embeddable":true,"href":"https:\/\/schaffrath-haus.com\/index.php?rest_route=%2Fwp%2Fv2%2Ftags&post=2646"}],"curies":[{"name":"wp","href":"https:\/\/api.w.org\/{rel}","templated":true}]}}