{"id":2102,"date":"2019-06-26T19:31:43","date_gmt":"2019-06-26T19:31:43","guid":{"rendered":"http:\/\/schaffrath-haus.com\/wp\/?p=2102"},"modified":"2019-11-03T21:46:40","modified_gmt":"2019-11-03T21:46:40","slug":"ludwig-schaffrath","status":"publish","type":"post","link":"https:\/\/schaffrath-haus.com\/?p=2102","title":{"rendered":"Ausstellung: Ludwig Schaffrath &#8211; Querschnitt"},"content":{"rendered":"<ul>\n<li><em><a href=\"https:\/\/schaffrath-haus.com\/wp-content\/uploads\/2019\/06\/A1586ADD-6273-49D3-927A-45063F3E6805.jpeg\"><br \/>\n<\/a><\/em><strong>Querschnitt- zum 95. Geburtstag &#8211; Ausstellung<\/strong><\/li>\n<\/ul>\n<p><a href=\"https:\/\/schaffrath-haus.com\/wp-content\/uploads\/2019\/06\/631ED73C-BDE6-4A70-A99A-B8BD3CB4DF58.jpeg\"><img loading=\"lazy\" decoding=\"async\" class=\"aligncenter size-medium wp-image-2103\" src=\"https:\/\/schaffrath-haus.com\/wp-content\/uploads\/2019\/06\/631ED73C-BDE6-4A70-A99A-B8BD3CB4DF58-300x298.jpeg\" alt=\"\" width=\"300\" height=\"298\" srcset=\"https:\/\/schaffrath-haus.com\/wp-content\/uploads\/2019\/06\/631ED73C-BDE6-4A70-A99A-B8BD3CB4DF58-300x298.jpeg 300w, https:\/\/schaffrath-haus.com\/wp-content\/uploads\/2019\/06\/631ED73C-BDE6-4A70-A99A-B8BD3CB4DF58-150x150.jpeg 150w, https:\/\/schaffrath-haus.com\/wp-content\/uploads\/2019\/06\/631ED73C-BDE6-4A70-A99A-B8BD3CB4DF58.jpeg 729w\" sizes=\"(max-width: 300px) 100vw, 300px\" \/><\/a><\/p>\n<p><a href=\"https:\/\/schaffrath-haus.com\/wp-content\/uploads\/2019\/06\/DE955146-B1F9-4F64-8573-44D2355ADE14.jpeg\"><img loading=\"lazy\" decoding=\"async\" class=\"aligncenter size-medium wp-image-2108\" src=\"https:\/\/schaffrath-haus.com\/wp-content\/uploads\/2019\/06\/DE955146-B1F9-4F64-8573-44D2355ADE14-300x155.jpeg\" alt=\"\" width=\"300\" height=\"155\" srcset=\"https:\/\/schaffrath-haus.com\/wp-content\/uploads\/2019\/06\/DE955146-B1F9-4F64-8573-44D2355ADE14-300x155.jpeg 300w, https:\/\/schaffrath-haus.com\/wp-content\/uploads\/2019\/06\/DE955146-B1F9-4F64-8573-44D2355ADE14-768x396.jpeg 768w, https:\/\/schaffrath-haus.com\/wp-content\/uploads\/2019\/06\/DE955146-B1F9-4F64-8573-44D2355ADE14-1024x528.jpeg 1024w, https:\/\/schaffrath-haus.com\/wp-content\/uploads\/2019\/06\/DE955146-B1F9-4F64-8573-44D2355ADE14.jpeg 1331w\" sizes=\"(max-width: 300px) 100vw, 300px\" \/><\/a><\/p>\n<p>Ludwig Schaffrath (1924-2011) war ein bedeutender Glasmaler der Nachkriegszeit. Seine abstrakten Glasmalereien, in sakralen und profanen Geb\u00e4uden, finden sich im In- und Ausland. \u00a0Alleine in der St\u00e4dteregion Aachen sind es mehr als 70 Kirchen, Kapellen, Rath\u00e4user, Banken und \u00a0Schulen.<\/p>\n<p>Der Ehrenb\u00fcrger der Stadt Alsdorf blieb jedoch seiner Heimatstadt lebenslang verbunden. In seinen Atelierr\u00e4umen in Alsdorf-Ofden entstand nach seinem Tod eine Kulturst\u00e4tte, das Schaffrathhaus, in dem zum 95. Geburtstag ein Querschnitt von autonomen Arbeiten aus den 1950er Jahren bis 2011 gezeigt wird.<\/p>\n<p>Durch seine Lehrt\u00e4tigkeit in Deutschland, England, Australien, Japan und den USA wirkte er stilbildend auf Generationen von Glasmalern, jedoch hatten die Auslandsaufenthalte auch Einfluss auf seine eigenen Arbeiten; ganz deutlich zu sehen in der japanischen Phase in den 1980 er und 90er Jahren. 2 Serienzeichnungen aus dieser Zeit sind ebenso zu sehen, wie Hinterglasmalereien aus 1950\/51. Dazu Glasarbeiten aus seinem Sp\u00e4twerk, dem Schwanengesang, (2004-2011). Stellvertretend f\u00fcr die 60er Jahre, als die Lukas Acrylfarben auf den Markt kamen, stehen \u00d6l\/Acrylgem\u00e4lde und die 70er Jahre waren gepr\u00e4gt von Natursteinmosaiken. In allen Arbeiten der verschiedenen Jahrzehnte spiegelt sich Schaffraths Neugier auf neue Techniken und Materialien.<\/p>\n<p><strong>Ausstellungszeiten:<\/strong><\/p>\n<p>Vernissage: \u00a0\u200bSo.: 30.06.2019,\u00a0 \u200b11.30 \u2013 14.30 Uhr<\/p>\n<p>\u200b\u200b\u200b\u200b\u200bSa.: 6.7. und 13.7. \u200b von 16.00 \u2013 18.00 Uhr<\/p>\n<p>\u200b\u200b\u200b\u200b\u200bSo.: 7.7. und 14.7.\u200b von 14.00 \u2013 18.00 Uhr<\/p>\n<p><strong>Sonderf\u00fchrung zu Schaffrath-Arbeiten am 13.7.2019<\/strong><\/p>\n<p>14.00 Uhr Start in der Grabeskirche St. Josef in Aachen, Adalbertsteinweg, anschlie\u00dfend Besichtigung der Barbara-Kapelle in Alsdorf &#8211; und zum Abschluss Besuch im Schaffrathhaus mit Umtrunk.<\/p>\n<p>Anmeldung unter 02404-676 7084 oder <a href=\"mailto:info@schaffrath-haus.com\">info@schaffrath-haus.com <\/a>Jeder f\u00e4hrt mit seinem Auto zu den einzelnen Besichtigungsorten.<\/p>\n<p>F\u00fchrung: Dr. Dirk T\u00f6lke<\/p>\n<p>Kosten: 10,00 \u20ac pro Person<\/p>\n<p>&nbsp;<\/p>\n<p><strong>\u200b\u200b\u200b\u200b\u200bPresseartikel<\/strong><\/p>\n<figure id=\"attachment_2126\" aria-describedby=\"caption-attachment-2126\" style=\"width: 300px\" class=\"wp-caption aligncenter\"><a href=\"https:\/\/schaffrath-haus.com\/wp-content\/uploads\/2019\/06\/Aachener-Nachrichten-18.06.2019.jpg\"><img loading=\"lazy\" decoding=\"async\" class=\"wp-image-2126 size-medium\" src=\"https:\/\/schaffrath-haus.com\/wp-content\/uploads\/2019\/06\/Aachener-Nachrichten-18.06.2019-300x261.jpg\" alt=\"SchaffrathHaus\" width=\"300\" height=\"261\" srcset=\"https:\/\/schaffrath-haus.com\/wp-content\/uploads\/2019\/06\/Aachener-Nachrichten-18.06.2019-300x261.jpg 300w, https:\/\/schaffrath-haus.com\/wp-content\/uploads\/2019\/06\/Aachener-Nachrichten-18.06.2019-768x667.jpg 768w, https:\/\/schaffrath-haus.com\/wp-content\/uploads\/2019\/06\/Aachener-Nachrichten-18.06.2019-1024x889.jpg 1024w\" sizes=\"(max-width: 300px) 100vw, 300px\" \/><\/a><figcaption id=\"caption-attachment-2126\" class=\"wp-caption-text\">Aachener Nachrichten, 18. Juni 2019<\/figcaption><\/figure>\n<figure id=\"attachment_2127\" aria-describedby=\"caption-attachment-2127\" style=\"width: 226px\" class=\"wp-caption aligncenter\"><a href=\"https:\/\/schaffrath-haus.com\/wp-content\/uploads\/2019\/06\/SuperSonntag-23.06.2019.jpg\"><img loading=\"lazy\" decoding=\"async\" class=\"wp-image-2127 size-medium\" src=\"https:\/\/schaffrath-haus.com\/wp-content\/uploads\/2019\/06\/SuperSonntag-23.06.2019-226x300.jpg\" alt=\"SchaffrathHaus\" width=\"226\" height=\"300\" srcset=\"https:\/\/schaffrath-haus.com\/wp-content\/uploads\/2019\/06\/SuperSonntag-23.06.2019-226x300.jpg 226w, https:\/\/schaffrath-haus.com\/wp-content\/uploads\/2019\/06\/SuperSonntag-23.06.2019-768x1020.jpg 768w, https:\/\/schaffrath-haus.com\/wp-content\/uploads\/2019\/06\/SuperSonntag-23.06.2019-771x1024.jpg 771w\" sizes=\"(max-width: 226px) 100vw, 226px\" \/><\/a><figcaption id=\"caption-attachment-2127\" class=\"wp-caption-text\">Super Sonntag, 23. Juni 2019<\/figcaption><\/figure>\n<p>&nbsp;<\/p>\n<p><strong>IMPRESSIONEN\u00a0 der Ausstellungser\u00f6ffnung am 30. Juni 2019<\/strong><\/p>\n<figure id=\"attachment_2124\" aria-describedby=\"caption-attachment-2124\" style=\"width: 300px\" class=\"wp-caption alignleft\"><a href=\"https:\/\/schaffrath-haus.com\/wp-content\/uploads\/2019\/07\/DSC_6893W-3.jpg\"><img loading=\"lazy\" decoding=\"async\" class=\"wp-image-2124 size-medium\" src=\"https:\/\/schaffrath-haus.com\/wp-content\/uploads\/2019\/07\/DSC_6893W-3-300x200.jpg\" alt=\"SchaffrathHaus\" width=\"300\" height=\"200\" srcset=\"https:\/\/schaffrath-haus.com\/wp-content\/uploads\/2019\/07\/DSC_6893W-3-300x200.jpg 300w, https:\/\/schaffrath-haus.com\/wp-content\/uploads\/2019\/07\/DSC_6893W-3-768x511.jpg 768w, https:\/\/schaffrath-haus.com\/wp-content\/uploads\/2019\/07\/DSC_6893W-3-1024x681.jpg 1024w, https:\/\/schaffrath-haus.com\/wp-content\/uploads\/2019\/07\/DSC_6893W-3.jpg 2016w\" sizes=\"(max-width: 300px) 100vw, 300px\" \/><\/a><figcaption id=\"caption-attachment-2124\" class=\"wp-caption-text\">Foto \u00a9 Wilfried Sch\u00fcller<\/figcaption><\/figure>\n<figure id=\"attachment_2116\" aria-describedby=\"caption-attachment-2116\" style=\"width: 300px\" class=\"wp-caption alignright\"><a href=\"https:\/\/schaffrath-haus.com\/wp-content\/uploads\/2019\/07\/MG_2556_fullres.jpg\"><img loading=\"lazy\" decoding=\"async\" class=\"wp-image-2116 size-medium\" src=\"https:\/\/schaffrath-haus.com\/wp-content\/uploads\/2019\/07\/MG_2556_fullres-300x200.jpg\" alt=\"\" width=\"300\" height=\"200\" srcset=\"https:\/\/schaffrath-haus.com\/wp-content\/uploads\/2019\/07\/MG_2556_fullres-300x200.jpg 300w, https:\/\/schaffrath-haus.com\/wp-content\/uploads\/2019\/07\/MG_2556_fullres-768x512.jpg 768w, https:\/\/schaffrath-haus.com\/wp-content\/uploads\/2019\/07\/MG_2556_fullres.jpg 1024w\" sizes=\"(max-width: 300px) 100vw, 300px\" \/><\/a><figcaption id=\"caption-attachment-2116\" class=\"wp-caption-text\">Foto \u00a9 Dietmar Busch<\/figcaption><\/figure>\n<figure id=\"attachment_2122\" aria-describedby=\"caption-attachment-2122\" style=\"width: 300px\" class=\"wp-caption alignleft\"><a href=\"https:\/\/schaffrath-haus.com\/wp-content\/uploads\/2019\/07\/DSC_6893W-1.jpg\"><img loading=\"lazy\" decoding=\"async\" class=\"wp-image-2122 size-medium\" src=\"https:\/\/schaffrath-haus.com\/wp-content\/uploads\/2019\/07\/DSC_6893W-1-300x200.jpg\" alt=\"\" width=\"300\" height=\"200\" srcset=\"https:\/\/schaffrath-haus.com\/wp-content\/uploads\/2019\/07\/DSC_6893W-1-300x200.jpg 300w, https:\/\/schaffrath-haus.com\/wp-content\/uploads\/2019\/07\/DSC_6893W-1-768x511.jpg 768w, https:\/\/schaffrath-haus.com\/wp-content\/uploads\/2019\/07\/DSC_6893W-1-1024x681.jpg 1024w, https:\/\/schaffrath-haus.com\/wp-content\/uploads\/2019\/07\/DSC_6893W-1.jpg 2016w\" sizes=\"(max-width: 300px) 100vw, 300px\" \/><\/a><figcaption id=\"caption-attachment-2122\" class=\"wp-caption-text\">Foto \u00a9 Wilfried Sch\u00fcller<\/figcaption><\/figure>\n<figure id=\"attachment_2119\" aria-describedby=\"caption-attachment-2119\" style=\"width: 300px\" class=\"wp-caption alignright\"><a href=\"https:\/\/schaffrath-haus.com\/wp-content\/uploads\/2019\/07\/MG_2568_fullres.jpg\"><img loading=\"lazy\" decoding=\"async\" class=\"wp-image-2119 size-medium\" src=\"https:\/\/schaffrath-haus.com\/wp-content\/uploads\/2019\/07\/MG_2568_fullres-300x200.jpg\" alt=\"\" width=\"300\" height=\"200\" srcset=\"https:\/\/schaffrath-haus.com\/wp-content\/uploads\/2019\/07\/MG_2568_fullres-300x200.jpg 300w, https:\/\/schaffrath-haus.com\/wp-content\/uploads\/2019\/07\/MG_2568_fullres-768x512.jpg 768w, https:\/\/schaffrath-haus.com\/wp-content\/uploads\/2019\/07\/MG_2568_fullres.jpg 1024w\" sizes=\"(max-width: 300px) 100vw, 300px\" \/><\/a><figcaption id=\"caption-attachment-2119\" class=\"wp-caption-text\">Foto \u00a9 Dietmar Busch<\/figcaption><\/figure>\n<figure id=\"attachment_2118\" aria-describedby=\"caption-attachment-2118\" style=\"width: 300px\" class=\"wp-caption alignleft\"><a href=\"https:\/\/schaffrath-haus.com\/wp-content\/uploads\/2019\/07\/MG_2567_fullres.jpg\"><img loading=\"lazy\" decoding=\"async\" class=\"wp-image-2118 size-medium\" src=\"https:\/\/schaffrath-haus.com\/wp-content\/uploads\/2019\/07\/MG_2567_fullres-300x200.jpg\" alt=\"\" width=\"300\" height=\"200\" srcset=\"https:\/\/schaffrath-haus.com\/wp-content\/uploads\/2019\/07\/MG_2567_fullres-300x200.jpg 300w, https:\/\/schaffrath-haus.com\/wp-content\/uploads\/2019\/07\/MG_2567_fullres-768x512.jpg 768w, https:\/\/schaffrath-haus.com\/wp-content\/uploads\/2019\/07\/MG_2567_fullres.jpg 1024w\" sizes=\"(max-width: 300px) 100vw, 300px\" \/><\/a><figcaption id=\"caption-attachment-2118\" class=\"wp-caption-text\">Foto \u00a9 Dietmar Busch<\/figcaption><\/figure>\n<figure id=\"attachment_2121\" aria-describedby=\"caption-attachment-2121\" style=\"width: 300px\" class=\"wp-caption alignright\"><a href=\"https:\/\/schaffrath-haus.com\/wp-content\/uploads\/2019\/07\/MG_2600_fullres.jpg\"><img loading=\"lazy\" decoding=\"async\" class=\"wp-image-2121 size-medium\" src=\"https:\/\/schaffrath-haus.com\/wp-content\/uploads\/2019\/07\/MG_2600_fullres-300x200.jpg\" alt=\"\" width=\"300\" height=\"200\" srcset=\"https:\/\/schaffrath-haus.com\/wp-content\/uploads\/2019\/07\/MG_2600_fullres-300x200.jpg 300w, https:\/\/schaffrath-haus.com\/wp-content\/uploads\/2019\/07\/MG_2600_fullres-768x512.jpg 768w, https:\/\/schaffrath-haus.com\/wp-content\/uploads\/2019\/07\/MG_2600_fullres.jpg 1024w\" sizes=\"(max-width: 300px) 100vw, 300px\" \/><\/a><figcaption id=\"caption-attachment-2121\" class=\"wp-caption-text\">Foto \u00a9 Dietmar Busch<\/figcaption><\/figure>\n<figure id=\"attachment_2125\" aria-describedby=\"caption-attachment-2125\" style=\"width: 200px\" class=\"wp-caption alignleft\"><a href=\"https:\/\/schaffrath-haus.com\/wp-content\/uploads\/2019\/07\/DSC_6893W-4.jpg\"><img loading=\"lazy\" decoding=\"async\" class=\"wp-image-2125 size-medium\" src=\"https:\/\/schaffrath-haus.com\/wp-content\/uploads\/2019\/07\/DSC_6893W-4-200x300.jpg\" alt=\"SchaffrathHaus\" width=\"200\" height=\"300\" srcset=\"https:\/\/schaffrath-haus.com\/wp-content\/uploads\/2019\/07\/DSC_6893W-4-200x300.jpg 200w, https:\/\/schaffrath-haus.com\/wp-content\/uploads\/2019\/07\/DSC_6893W-4-768x1155.jpg 768w, https:\/\/schaffrath-haus.com\/wp-content\/uploads\/2019\/07\/DSC_6893W-4-681x1024.jpg 681w, https:\/\/schaffrath-haus.com\/wp-content\/uploads\/2019\/07\/DSC_6893W-4.jpg 1341w\" sizes=\"(max-width: 200px) 100vw, 200px\" \/><\/a><figcaption id=\"caption-attachment-2125\" class=\"wp-caption-text\">Foto: Wilfried Sch\u00fcller<\/figcaption><\/figure>\n<figure id=\"attachment_2123\" aria-describedby=\"caption-attachment-2123\" style=\"width: 300px\" class=\"wp-caption alignright\"><a href=\"https:\/\/schaffrath-haus.com\/wp-content\/uploads\/2019\/07\/DSC_6893W-2.jpg\"><img loading=\"lazy\" decoding=\"async\" class=\"wp-image-2123 size-medium\" src=\"https:\/\/schaffrath-haus.com\/wp-content\/uploads\/2019\/07\/DSC_6893W-2-300x200.jpg\" alt=\"SchaffrathHaus\" width=\"300\" height=\"200\" srcset=\"https:\/\/schaffrath-haus.com\/wp-content\/uploads\/2019\/07\/DSC_6893W-2-300x200.jpg 300w, https:\/\/schaffrath-haus.com\/wp-content\/uploads\/2019\/07\/DSC_6893W-2-768x511.jpg 768w, https:\/\/schaffrath-haus.com\/wp-content\/uploads\/2019\/07\/DSC_6893W-2-1024x681.jpg 1024w, https:\/\/schaffrath-haus.com\/wp-content\/uploads\/2019\/07\/DSC_6893W-2.jpg 2016w\" sizes=\"(max-width: 300px) 100vw, 300px\" \/><\/a><figcaption id=\"caption-attachment-2123\" class=\"wp-caption-text\">Foto \u00a9 Wilfried Sch\u00fcller<\/figcaption><\/figure>\n<p>&nbsp;<\/p>\n<figure id=\"attachment_2115\" aria-describedby=\"caption-attachment-2115\" style=\"width: 300px\" class=\"wp-caption alignleft\"><a href=\"https:\/\/schaffrath-haus.com\/wp-content\/uploads\/2019\/07\/MG_2552_fullres.jpg\"><img loading=\"lazy\" decoding=\"async\" class=\"wp-image-2115 size-medium\" src=\"https:\/\/schaffrath-haus.com\/wp-content\/uploads\/2019\/07\/MG_2552_fullres-300x200.jpg\" alt=\"\" width=\"300\" height=\"200\" srcset=\"https:\/\/schaffrath-haus.com\/wp-content\/uploads\/2019\/07\/MG_2552_fullres-300x200.jpg 300w, https:\/\/schaffrath-haus.com\/wp-content\/uploads\/2019\/07\/MG_2552_fullres-768x512.jpg 768w, https:\/\/schaffrath-haus.com\/wp-content\/uploads\/2019\/07\/MG_2552_fullres.jpg 1024w\" sizes=\"(max-width: 300px) 100vw, 300px\" \/><\/a><figcaption id=\"caption-attachment-2115\" class=\"wp-caption-text\">Foto \u00a9 Dietmar Busch<\/figcaption><\/figure>\n<figure id=\"attachment_2117\" aria-describedby=\"caption-attachment-2117\" style=\"width: 300px\" class=\"wp-caption alignright\"><a href=\"https:\/\/schaffrath-haus.com\/wp-content\/uploads\/2019\/07\/MG_2562_fullres.jpg\"><img loading=\"lazy\" decoding=\"async\" class=\"wp-image-2117 size-medium\" src=\"https:\/\/schaffrath-haus.com\/wp-content\/uploads\/2019\/07\/MG_2562_fullres-300x200.jpg\" alt=\"\" width=\"300\" height=\"200\" srcset=\"https:\/\/schaffrath-haus.com\/wp-content\/uploads\/2019\/07\/MG_2562_fullres-300x200.jpg 300w, https:\/\/schaffrath-haus.com\/wp-content\/uploads\/2019\/07\/MG_2562_fullres-768x512.jpg 768w, https:\/\/schaffrath-haus.com\/wp-content\/uploads\/2019\/07\/MG_2562_fullres-1024x683.jpg 1024w\" sizes=\"(max-width: 300px) 100vw, 300px\" \/><\/a><figcaption id=\"caption-attachment-2117\" class=\"wp-caption-text\">Foto \u00a9 Dietmar Busch<\/figcaption><\/figure>\n<figure id=\"attachment_2120\" aria-describedby=\"caption-attachment-2120\" style=\"width: 300px\" class=\"wp-caption alignleft\"><a href=\"https:\/\/schaffrath-haus.com\/wp-content\/uploads\/2019\/07\/MG_2597_fullres.jpg\"><img loading=\"lazy\" decoding=\"async\" class=\"wp-image-2120 size-medium\" src=\"https:\/\/schaffrath-haus.com\/wp-content\/uploads\/2019\/07\/MG_2597_fullres-300x200.jpg\" alt=\"\" width=\"300\" height=\"200\" srcset=\"https:\/\/schaffrath-haus.com\/wp-content\/uploads\/2019\/07\/MG_2597_fullres-300x200.jpg 300w, https:\/\/schaffrath-haus.com\/wp-content\/uploads\/2019\/07\/MG_2597_fullres-768x512.jpg 768w, https:\/\/schaffrath-haus.com\/wp-content\/uploads\/2019\/07\/MG_2597_fullres.jpg 1024w\" sizes=\"(max-width: 300px) 100vw, 300px\" \/><\/a><figcaption id=\"caption-attachment-2120\" class=\"wp-caption-text\">Foto \u00a9 Dietmar Busch<\/figcaption><\/figure>\n<p>&nbsp;<\/p>\n<p>&nbsp;<\/p>\n","protected":false},"excerpt":{"rendered":"<p>Querschnitt- zum 95. Geburtstag &#8211; Ausstellung Ludwig Schaffrath (1924-2011) war ein bedeutender Glasmaler der Nachkriegszeit. Seine abstrakten Glasmalereien, in sakralen und profanen Geb\u00e4uden, finden sich im In- und Ausland. \u00a0Alleine in der St\u00e4dteregion Aachen sind es mehr als 70 Kirchen, Kapellen, Rath\u00e4user, Banken und \u00a0Schulen. Der Ehrenb\u00fcrger der Stadt Alsdorf blieb jedoch seiner Heimatstadt lebenslang &hellip; <a href=\"https:\/\/schaffrath-haus.com\/?p=2102\" class=\"more-link\"><span class=\"screen-reader-text\">Ausstellung: Ludwig Schaffrath &#8211; Querschnitt<\/span> weiterlesen <span class=\"meta-nav\">&rarr;<\/span><\/a><\/p>\n","protected":false},"author":1,"featured_media":2103,"comment_status":"closed","ping_status":"closed","sticky":false,"template":"","format":"standard","meta":{"footnotes":""},"categories":[1],"tags":[],"class_list":["post-2102","post","type-post","status-publish","format-standard","has-post-thumbnail","hentry","category-uncategorized"],"_links":{"self":[{"href":"https:\/\/schaffrath-haus.com\/index.php?rest_route=\/wp\/v2\/posts\/2102"}],"collection":[{"href":"https:\/\/schaffrath-haus.com\/index.php?rest_route=\/wp\/v2\/posts"}],"about":[{"href":"https:\/\/schaffrath-haus.com\/index.php?rest_route=\/wp\/v2\/types\/post"}],"author":[{"embeddable":true,"href":"https:\/\/schaffrath-haus.com\/index.php?rest_route=\/wp\/v2\/users\/1"}],"replies":[{"embeddable":true,"href":"https:\/\/schaffrath-haus.com\/index.php?rest_route=%2Fwp%2Fv2%2Fcomments&post=2102"}],"version-history":[{"count":13,"href":"https:\/\/schaffrath-haus.com\/index.php?rest_route=\/wp\/v2\/posts\/2102\/revisions"}],"predecessor-version":[{"id":2435,"href":"https:\/\/schaffrath-haus.com\/index.php?rest_route=\/wp\/v2\/posts\/2102\/revisions\/2435"}],"wp:featuredmedia":[{"embeddable":true,"href":"https:\/\/schaffrath-haus.com\/index.php?rest_route=\/wp\/v2\/media\/2103"}],"wp:attachment":[{"href":"https:\/\/schaffrath-haus.com\/index.php?rest_route=%2Fwp%2Fv2%2Fmedia&parent=2102"}],"wp:term":[{"taxonomy":"category","embeddable":true,"href":"https:\/\/schaffrath-haus.com\/index.php?rest_route=%2Fwp%2Fv2%2Fcategories&post=2102"},{"taxonomy":"post_tag","embeddable":true,"href":"https:\/\/schaffrath-haus.com\/index.php?rest_route=%2Fwp%2Fv2%2Ftags&post=2102"}],"curies":[{"name":"wp","href":"https:\/\/api.w.org\/{rel}","templated":true}]}}